{"id":5438,"date":"2018-10-11T01:50:50","date_gmt":"2018-10-10T23:50:50","guid":{"rendered":"https:\/\/www.haritzalde.org\/?p=5438"},"modified":"2018-10-19T01:51:15","modified_gmt":"2018-10-18T23:51:15","slug":"el-pino-y-la-politica-forestal-de-la-diputacion-de-gipuzkoa","status":"publish","type":"post","link":"https:\/\/www.haritzalde.org\/es\/2018\/10\/el-pino-y-la-politica-forestal-de-la-diputacion-de-gipuzkoa\/","title":{"rendered":"El pino y la pol\u00edtica forestal de la Diputaci\u00f3n de Gipuzkoa"},"content":{"rendered":"<p>Al hilo del desastre que atraviesan los pinares de Gipuzkoa (y en general de toda Euskal Herria atl\u00e1ntica) la cuesti\u00f3n de la pol\u00edtica forestal ha cobrado singular relevancia. Aunque tambi\u00e9n las explicaciones ofrecidas por administraciones y centros de investigaci\u00f3n merecen una lectura detenida, en el presente escrito queremos discutir el proceder de Baskegur, asociaci\u00f3n del sector en Euskadi. Los profesionales del sector maderero piden, como debe ser, una salida a la situaci\u00f3n sanitaria de los pinares de <em>Pinus radiata<\/em>, pero, a nuestro modo de ver, utiliza para ello argumentos improcedentes.<\/p>\n<p>En primer lugar, sostienen que hay que mantener el pino porque ha servido en el pasado para repoblar los montes pelados durante los siglos anteriores. Aunque el punto de partida es discutible, viendo lo que tenemos hoy delante de nuestros ojos resulta innegable que el modelo de gesti\u00f3n aplicado ha sido malo. Para empezar, hay que dejar claro que tal repoblaci\u00f3n no ha ayudado a restaurar bosques; al contrario, a consecuencia de las matarrasas, de la apertura ilimitada de pistas, de la poluci\u00f3n qu\u00edmica dispersada por el aire y de otras t\u00e9cnicas agresivas m\u00e1s, es patente por todas partes el da\u00f1o causado, por mucho que se haya realizado un seguimiento y control como es debido. Se han utilizado, en un territorio de orograf\u00eda tan compleja como la nuestra, t\u00e9cnicas desechadas hace tiempo en Europa. Compete a la Administraci\u00f3n evitar, mediante leyes y reglamentos, que se produzcan tales ataques y prohibir, que se apliquen dichas t\u00e9cnicas como m\u00ednimo en terrenos de pendiente elevada. Esta iniciativa fue asumida por la Diputaci\u00f3n en la legislatura anterior, pero fue nuevamente abandonada con la llegada del equipo jeltzale al poder.<\/p>\n<p>Baskegur propone asimismo dos medidas para invertir la situaci\u00f3n actual: utilizar los tratamientos que al parecer hay para combatir la plaga f\u00fangica y, una vez analizado el efecto del cambio clim\u00e1tico en nuestros bosques, que se estudie la posibilidad de utilizar especies alternativas al pino de Monterrey. Utilizan t\u00e9rminos como bioeconom\u00eda, econom\u00eda circular y sostenibilidad, pero no hacen una sola propuesta encaminada a su aplicaci\u00f3n real. Eso s\u00ed, a\u00f1aden, sin el menor atisbo de verg\u00fcenza, que en todo esto deben participar las empresas, la administraci\u00f3n y la sociedad\u2026 despu\u00e9s de haber combatido durante d\u00e9cadas, sin tregua y agresivamente la participaci\u00f3n de los agentes sociales defensores de la conservaci\u00f3n de la naturaleza. Con todo, la responsabilidad del veto a esa participaci\u00f3n social no es de Baskegur, sino de la Diputaci\u00f3n. Durante la legislatura anterior, Naturkon consigui\u00f3 que se creara el Consejo de Biodiversidad de Gipuzkoa, pero la Diputaci\u00f3n no fue capaz de convocar una sola sesi\u00f3n. Y, naturalmente, el PNV ha arrinconado esta herramienta de participaci\u00f3n.<\/p>\n<p>Baskegur no cuestiona la actual pol\u00edtica forestal. No prioriza ning\u00fan modelo de gesti\u00f3n orientado a la sostenibilidad, dado que ello implicar\u00eda que asume la existencia de un perjuicio ambiental en su actividad, y eso choca con su discurso. Muy al contrario, echan mano de un discurso que no hace sino profundizar en la desinformaci\u00f3n y en el desconocimiento. Hablan sin cesar de bosques y de recuperaci\u00f3n de bosques, cuando en realidad se trata de parcelas de producci\u00f3n en monocultivo. Afirmar como afirman que en Bizkaia se da un equilibrio entre frondosas y con\u00edferas es una burda y malintencionada mentira que oculta, como saben perfectamente, que son las frondosas de Araba las que equilibran la hegem\u00f3nica extensi\u00f3n plantada con con\u00edferas en Bizkaia y Gipuzkoa. \u00bfD\u00f3nde est\u00e1 el equilibrio en el valle del Deba? \u00bfEn el alto Oria? Si tal equilibrio existiera realmente no estar\u00edamos discutiendo esto en plaza p\u00fablica. Ellos distinguen perfectamente entre bosques y plantaciones, pero se valen subrepticia e ileg\u00edtimamente de esa desinformaci\u00f3n para ocultar los impactos ambientales de su negocio.<\/p>\n<p>Tampoco es de recibo que los mismos que nos intentan convencer de que la gesti\u00f3n actual evita los incendios aboguen ahora por sustituir los pinos por eucaliptos. Ni tampoco lo es que los mismos que comentan el efecto del cambio clim\u00e1tico no entren a considerar la p\u00e9rdida de suelo y la erosi\u00f3n. Manejan un discurso pol\u00edticamente correcto para que la pol\u00edtica forestal, competencia de la Diputaci\u00f3n, priorice modelos intensivos de gesti\u00f3n basados en monocultivos, siempre bajo el control del sector, como si fueran los \u00fanicos agentes interesados en el tema.<\/p>\n<p>Pues no quieren ni o\u00edr hablar de que la actual desorganizaci\u00f3n de los recursos naturales redunda en perjuicio del conjunto de la sociedad y para dar con el equilibrio de la actividad forestal es preciso cambiar de ra\u00edz un modelo que promociona la pol\u00edtica forestal en vigor. Naturkon ha manifestado bien claro que \u2018la sociedad debe reconocer las aportaciones realizadas por los propietarios y el resto de agentes implicados en la cadena de valor del sector\u201d, pero ello implica necesariamente debate p\u00fablico; entre otras razones porque los esfuerzos que ello supondr\u00e1 a los propietarios la recuperaci\u00f3n de los bosques conllevar\u00e1n beneficios para el conjunto de la sociedad y no tienen que quedar en una carga exclusivamente suya.<\/p>\n<p>Para que esta crisis no desemboque en un desastre absoluto, debemos tomarla como una ocasi\u00f3n para enderezar los errores cometidos. Es por ello que solicitamos a la Diputaci\u00f3n de Gipuzkoa que cambie de una vez su rumbo. Naturkon ya present\u00f3 su propuesta y existen las herramientas que puedan resultar necesarias. \u00danicamente falta la voluntad foral.<\/p>\n<p>Aitziber Sarobe Egiguren<br \/>\nEn nombre de <strong>Naturkon<\/strong><\/p>\n","protected":false},"excerpt":{"rendered":"<p>Al hilo del desastre que atraviesan los pinares de Gipuzkoa (y en general de toda Euskal Herria atl\u00e1ntica) la cuesti\u00f3n de la pol\u00edtica forestal ha cobrado singular relevancia. Aunque tambi\u00e9n las explicaciones ofrecidas por administraciones y centros de investigaci\u00f3n merecen una lectura detenida, en el presente escrito queremos discutir el proceder de Baskegur, asociaci\u00f3n del [&hellip;]<\/p>\n","protected":false},"author":11,"featured_media":5435,"comment_status":"open","ping_status":"closed","sticky":false,"template":"","format":"standard","meta":[],"categories":[148],"tags":[208,166],"_links":{"self":[{"href":"https:\/\/www.haritzalde.org\/es\/wp-json\/wp\/v2\/posts\/5438\/"}],"collection":[{"href":"https:\/\/www.haritzalde.org\/es\/wp-json\/wp\/v2\/posts\/"}],"about":[{"href":"https:\/\/www.haritzalde.org\/es\/wp-json\/wp\/v2\/types\/post\/"}],"author":[{"embeddable":true,"href":"https:\/\/www.haritzalde.org\/es\/wp-json\/wp\/v2\/users\/11\/"}],"replies":[{"embeddable":true,"href":"https:\/\/www.haritzalde.org\/es\/wp-json\/wp\/v2\/comments\/?post=5438"}],"version-history":[{"count":1,"href":"https:\/\/www.haritzalde.org\/es\/wp-json\/wp\/v2\/posts\/5438\/revisions\/"}],"predecessor-version":[{"id":5439,"href":"https:\/\/www.haritzalde.org\/es\/wp-json\/wp\/v2\/posts\/5438\/revisions\/5439\/"}],"wp:featuredmedia":[{"embeddable":true,"href":"https:\/\/www.haritzalde.org\/es\/wp-json\/wp\/v2\/media\/5435\/"}],"wp:attachment":[{"href":"https:\/\/www.haritzalde.org\/es\/wp-json\/wp\/v2\/media\/?parent=5438"}],"wp:term":[{"taxonomy":"category","embeddable":true,"href":"https:\/\/www.haritzalde.org\/es\/wp-json\/wp\/v2\/categories\/?post=5438"},{"taxonomy":"post_tag","embeddable":true,"href":"https:\/\/www.haritzalde.org\/es\/wp-json\/wp\/v2\/tags\/?post=5438"}],"curies":[{"name":"wp","href":"https:\/\/api.w.org\/{rel}","templated":true}]}}