{"id":5305,"date":"2018-03-19T09:25:13","date_gmt":"2018-03-19T08:25:13","guid":{"rendered":"http:\/\/www.haritzalde.org\/?p=5305"},"modified":"2018-04-14T10:10:30","modified_gmt":"2018-04-14T08:10:30","slug":"fotografias-del-zuhaitz-eguna-2018","status":"publish","type":"post","link":"https:\/\/www.haritzalde.org\/es\/2018\/03\/fotografias-del-zuhaitz-eguna-2018\/","title":{"rendered":"Fotografias del Zuhaitz Eguna 2018"},"content":{"rendered":"<p>Este a\u00f1o hemos celebrado el Zuhaitz Eguna 2018 el 17 de marzo en Mendizorrotz en colaboraci\u00f3n del CVCE.<\/p>\n<p>Haritzalde quiere agradecer a los ciudadanos que se acercaron y plantaron los \u00e1rboles, sin vuestra ayuda nos ser\u00eda dif\u00edcil llevar a t\u00e9rmino la actividad.<\/p>\n<p>Queremos agradecer asimismo a la Diputaci\u00f3n Foral de Gipuzkoa y al Ayuntamiento de Donostia por su ayuda.<\/p>\n<p>&nbsp;<\/p>\n\n\t\t<style type=\"text\/css\">\n\t\t\t#gallery-1 {\n\t\t\t\tmargin: auto;\n\t\t\t}\n\t\t\t#gallery-1 .gallery-item {\n\t\t\t\tfloat: left;\n\t\t\t\tmargin-top: 10px;\n\t\t\t\ttext-align: center;\n\t\t\t\twidth: 50%;\n\t\t\t}\n\t\t\t#gallery-1 img {\n\t\t\t\tborder: 2px solid #cfcfcf;\n\t\t\t}\n\t\t\t#gallery-1 .gallery-caption {\n\t\t\t\tmargin-left: 0;\n\t\t\t}\n\t\t\t\/* see gallery_shortcode() in wp-includes\/media.php *\/\n\t\t<\/style>\n\t\t<div id='gallery-1' class='gallery galleryid-5305 gallery-columns-2 gallery-size-medium'><dl class='gallery-item'>\n\t\t\t<dt class='gallery-icon landscape'>\n\t\t\t\t<a href='https:\/\/www.haritzalde.org\/wp-content\/uploads\/2018\/04\/2018-zuhaitz-eguna1.jpg'><img width=\"300\" height=\"225\" src=\"https:\/\/www.haritzalde.org\/wp-content\/uploads\/2018\/04\/2018-zuhaitz-eguna1-300x225.jpg\" class=\"attachment-medium size-medium\" alt=\"\" decoding=\"async\" loading=\"lazy\" srcset=\"https:\/\/www.haritzalde.org\/wp-content\/uploads\/2018\/04\/2018-zuhaitz-eguna1-200x150.jpg 200w, https:\/\/www.haritzalde.org\/wp-content\/uploads\/2018\/04\/2018-zuhaitz-eguna1-300x225.jpg 300w, https:\/\/www.haritzalde.org\/wp-content\/uploads\/2018\/04\/2018-zuhaitz-eguna1-400x300.jpg 400w, https:\/\/www.haritzalde.org\/wp-content\/uploads\/2018\/04\/2018-zuhaitz-eguna1-600x450.jpg 600w, https:\/\/www.haritzalde.org\/wp-content\/uploads\/2018\/04\/2018-zuhaitz-eguna1-768x576.jpg 768w, https:\/\/www.haritzalde.org\/wp-content\/uploads\/2018\/04\/2018-zuhaitz-eguna1-800x600.jpg 800w, https:\/\/www.haritzalde.org\/wp-content\/uploads\/2018\/04\/2018-zuhaitz-eguna1-1024x768.jpg 1024w, https:\/\/www.haritzalde.org\/wp-content\/uploads\/2018\/04\/2018-zuhaitz-eguna1-1200x900.jpg 1200w, https:\/\/www.haritzalde.org\/wp-content\/uploads\/2018\/04\/2018-zuhaitz-eguna1.jpg 1600w\" sizes=\"(max-width: 300px) 100vw, 300px\" \/><\/a>\n\t\t\t<\/dt><\/dl><dl class='gallery-item'>\n\t\t\t<dt class='gallery-icon landscape'>\n\t\t\t\t<a href='https:\/\/www.haritzalde.org\/wp-content\/uploads\/2018\/04\/2018-zuhaitz-eguna2.jpg'><img width=\"300\" height=\"169\" src=\"https:\/\/www.haritzalde.org\/wp-content\/uploads\/2018\/04\/2018-zuhaitz-eguna2-300x169.jpg\" class=\"attachment-medium size-medium\" alt=\"\" decoding=\"async\" loading=\"lazy\" srcset=\"https:\/\/www.haritzalde.org\/wp-content\/uploads\/2018\/04\/2018-zuhaitz-eguna2-200x113.jpg 200w, https:\/\/www.haritzalde.org\/wp-content\/uploads\/2018\/04\/2018-zuhaitz-eguna2-300x169.jpg 300w, https:\/\/www.haritzalde.org\/wp-content\/uploads\/2018\/04\/2018-zuhaitz-eguna2-400x226.jpg 400w, https:\/\/www.haritzalde.org\/wp-content\/uploads\/2018\/04\/2018-zuhaitz-eguna2-600x339.jpg 600w, https:\/\/www.haritzalde.org\/wp-content\/uploads\/2018\/04\/2018-zuhaitz-eguna2-768x433.jpg 768w, https:\/\/www.haritzalde.org\/wp-content\/uploads\/2018\/04\/2018-zuhaitz-eguna2-800x452.jpg 800w, https:\/\/www.haritzalde.org\/wp-content\/uploads\/2018\/04\/2018-zuhaitz-eguna2-1024x578.jpg 1024w, https:\/\/www.haritzalde.org\/wp-content\/uploads\/2018\/04\/2018-zuhaitz-eguna2-1200x677.jpg 1200w, https:\/\/www.haritzalde.org\/wp-content\/uploads\/2018\/04\/2018-zuhaitz-eguna2.jpg 1600w\" sizes=\"(max-width: 300px) 100vw, 300px\" \/><\/a>\n\t\t\t<\/dt><\/dl><br style=\"clear: both\" \/><dl class='gallery-item'>\n\t\t\t<dt class='gallery-icon landscape'>\n\t\t\t\t<a href='https:\/\/www.haritzalde.org\/wp-content\/uploads\/2018\/04\/2018-zuhaitz-eguna7.jpg'><img width=\"300\" height=\"225\" src=\"https:\/\/www.haritzalde.org\/wp-content\/uploads\/2018\/04\/2018-zuhaitz-eguna7-300x225.jpg\" class=\"attachment-medium size-medium\" alt=\"\" decoding=\"async\" loading=\"lazy\" srcset=\"https:\/\/www.haritzalde.org\/wp-content\/uploads\/2018\/04\/2018-zuhaitz-eguna7-200x150.jpg 200w, https:\/\/www.haritzalde.org\/wp-content\/uploads\/2018\/04\/2018-zuhaitz-eguna7-300x225.jpg 300w, https:\/\/www.haritzalde.org\/wp-content\/uploads\/2018\/04\/2018-zuhaitz-eguna7-400x300.jpg 400w, https:\/\/www.haritzalde.org\/wp-content\/uploads\/2018\/04\/2018-zuhaitz-eguna7-600x450.jpg 600w, https:\/\/www.haritzalde.org\/wp-content\/uploads\/2018\/04\/2018-zuhaitz-eguna7-768x576.jpg 768w, https:\/\/www.haritzalde.org\/wp-content\/uploads\/2018\/04\/2018-zuhaitz-eguna7-800x600.jpg 800w, https:\/\/www.haritzalde.org\/wp-content\/uploads\/2018\/04\/2018-zuhaitz-eguna7-1024x768.jpg 1024w, https:\/\/www.haritzalde.org\/wp-content\/uploads\/2018\/04\/2018-zuhaitz-eguna7-1200x900.jpg 1200w, https:\/\/www.haritzalde.org\/wp-content\/uploads\/2018\/04\/2018-zuhaitz-eguna7.jpg 1600w\" sizes=\"(max-width: 300px) 100vw, 300px\" \/><\/a>\n\t\t\t<\/dt><\/dl><dl class='gallery-item'>\n\t\t\t<dt class='gallery-icon landscape'>\n\t\t\t\t<a href='https:\/\/www.haritzalde.org\/wp-content\/uploads\/2018\/04\/2018-zuhaitz-eguna3.jpg'><img width=\"300\" height=\"169\" src=\"https:\/\/www.haritzalde.org\/wp-content\/uploads\/2018\/04\/2018-zuhaitz-eguna3-300x169.jpg\" class=\"attachment-medium size-medium\" alt=\"\" decoding=\"async\" loading=\"lazy\" aria-describedby=\"gallery-1-5298\" srcset=\"https:\/\/www.haritzalde.org\/wp-content\/uploads\/2018\/04\/2018-zuhaitz-eguna3-200x113.jpg 200w, https:\/\/www.haritzalde.org\/wp-content\/uploads\/2018\/04\/2018-zuhaitz-eguna3-300x169.jpg 300w, https:\/\/www.haritzalde.org\/wp-content\/uploads\/2018\/04\/2018-zuhaitz-eguna3-400x226.jpg 400w, https:\/\/www.haritzalde.org\/wp-content\/uploads\/2018\/04\/2018-zuhaitz-eguna3-600x339.jpg 600w, https:\/\/www.haritzalde.org\/wp-content\/uploads\/2018\/04\/2018-zuhaitz-eguna3-768x433.jpg 768w, https:\/\/www.haritzalde.org\/wp-content\/uploads\/2018\/04\/2018-zuhaitz-eguna3-800x452.jpg 800w, https:\/\/www.haritzalde.org\/wp-content\/uploads\/2018\/04\/2018-zuhaitz-eguna3-1024x578.jpg 1024w, https:\/\/www.haritzalde.org\/wp-content\/uploads\/2018\/04\/2018-zuhaitz-eguna3-1200x677.jpg 1200w, https:\/\/www.haritzalde.org\/wp-content\/uploads\/2018\/04\/2018-zuhaitz-eguna3.jpg 1600w\" sizes=\"(max-width: 300px) 100vw, 300px\" \/><\/a>\n\t\t\t<\/dt>\n\t\t\t\t<dd class='wp-caption-text gallery-caption' id='gallery-1-5298'>\n\t\t\t\tTalde argazkia Mendizorrotzen.\n\t\t\t\t<\/dd><\/dl><br style=\"clear: both\" \/><dl class='gallery-item'>\n\t\t\t<dt class='gallery-icon landscape'>\n\t\t\t\t<a href='https:\/\/www.haritzalde.org\/wp-content\/uploads\/2018\/04\/2018-zuhaitz-eguna8.jpg'><img width=\"300\" height=\"169\" src=\"https:\/\/www.haritzalde.org\/wp-content\/uploads\/2018\/04\/2018-zuhaitz-eguna8-300x169.jpg\" class=\"attachment-medium size-medium\" alt=\"\" decoding=\"async\" loading=\"lazy\" aria-describedby=\"gallery-1-5302\" srcset=\"https:\/\/www.haritzalde.org\/wp-content\/uploads\/2018\/04\/2018-zuhaitz-eguna8-200x113.jpg 200w, https:\/\/www.haritzalde.org\/wp-content\/uploads\/2018\/04\/2018-zuhaitz-eguna8-300x169.jpg 300w, https:\/\/www.haritzalde.org\/wp-content\/uploads\/2018\/04\/2018-zuhaitz-eguna8-400x226.jpg 400w, https:\/\/www.haritzalde.org\/wp-content\/uploads\/2018\/04\/2018-zuhaitz-eguna8-600x339.jpg 600w, https:\/\/www.haritzalde.org\/wp-content\/uploads\/2018\/04\/2018-zuhaitz-eguna8-768x433.jpg 768w, https:\/\/www.haritzalde.org\/wp-content\/uploads\/2018\/04\/2018-zuhaitz-eguna8-800x452.jpg 800w, https:\/\/www.haritzalde.org\/wp-content\/uploads\/2018\/04\/2018-zuhaitz-eguna8-1024x578.jpg 1024w, https:\/\/www.haritzalde.org\/wp-content\/uploads\/2018\/04\/2018-zuhaitz-eguna8-1200x677.jpg 1200w, https:\/\/www.haritzalde.org\/wp-content\/uploads\/2018\/04\/2018-zuhaitz-eguna8.jpg 1600w\" sizes=\"(max-width: 300px) 100vw, 300px\" \/><\/a>\n\t\t\t<\/dt>\n\t\t\t\t<dd class='wp-caption-text gallery-caption' id='gallery-1-5302'>\n\t\t\t\tPolipasoko hamaiketakoa.\n\t\t\t\t<\/dd><\/dl><dl class='gallery-item'>\n\t\t\t<dt class='gallery-icon landscape'>\n\t\t\t\t<a href='https:\/\/www.haritzalde.org\/wp-content\/uploads\/2018\/04\/2018-zuhaitz-eguna6.jpg'><img width=\"300\" height=\"169\" src=\"https:\/\/www.haritzalde.org\/wp-content\/uploads\/2018\/04\/2018-zuhaitz-eguna6-300x169.jpg\" class=\"attachment-medium size-medium\" alt=\"\" decoding=\"async\" loading=\"lazy\" aria-describedby=\"gallery-1-5300\" srcset=\"https:\/\/www.haritzalde.org\/wp-content\/uploads\/2018\/04\/2018-zuhaitz-eguna6-200x113.jpg 200w, https:\/\/www.haritzalde.org\/wp-content\/uploads\/2018\/04\/2018-zuhaitz-eguna6-300x169.jpg 300w, https:\/\/www.haritzalde.org\/wp-content\/uploads\/2018\/04\/2018-zuhaitz-eguna6-400x226.jpg 400w, https:\/\/www.haritzalde.org\/wp-content\/uploads\/2018\/04\/2018-zuhaitz-eguna6-600x339.jpg 600w, https:\/\/www.haritzalde.org\/wp-content\/uploads\/2018\/04\/2018-zuhaitz-eguna6-768x433.jpg 768w, https:\/\/www.haritzalde.org\/wp-content\/uploads\/2018\/04\/2018-zuhaitz-eguna6-800x452.jpg 800w, https:\/\/www.haritzalde.org\/wp-content\/uploads\/2018\/04\/2018-zuhaitz-eguna6-1024x578.jpg 1024w, https:\/\/www.haritzalde.org\/wp-content\/uploads\/2018\/04\/2018-zuhaitz-eguna6-1200x677.jpg 1200w, https:\/\/www.haritzalde.org\/wp-content\/uploads\/2018\/04\/2018-zuhaitz-eguna6.jpg 1600w\" sizes=\"(max-width: 300px) 100vw, 300px\" \/><\/a>\n\t\t\t<\/dt>\n\t\t\t\t<dd class='wp-caption-text gallery-caption' id='gallery-1-5300'>\n\t\t\t\tTalde argazkia Igeldon.\n\t\t\t\t<\/dd><\/dl><br style=\"clear: both\" \/>\n\t\t<\/div>\n\n","protected":false},"excerpt":{"rendered":"<p>Este a\u00f1o hemos celebrado el Zuhaitz Eguna 2018 el 17 de marzo en Mendizorrotz en colaboraci\u00f3n del CVCE. Haritzalde quiere agradecer a los ciudadanos que se acercaron y plantaron los \u00e1rboles, sin vuestra ayuda nos ser\u00eda dif\u00edcil llevar a t\u00e9rmino la actividad. Queremos agradecer asimismo a la Diputaci\u00f3n Foral de Gipuzkoa y al Ayuntamiento de [&hellip;]<\/p>\n","protected":false},"author":11,"featured_media":5299,"comment_status":"open","ping_status":"closed","sticky":false,"template":"","format":"standard","meta":[],"categories":[146],"tags":[224,232],"_links":{"self":[{"href":"https:\/\/www.haritzalde.org\/es\/wp-json\/wp\/v2\/posts\/5305\/"}],"collection":[{"href":"https:\/\/www.haritzalde.org\/es\/wp-json\/wp\/v2\/posts\/"}],"about":[{"href":"https:\/\/www.haritzalde.org\/es\/wp-json\/wp\/v2\/types\/post\/"}],"author":[{"embeddable":true,"href":"https:\/\/www.haritzalde.org\/es\/wp-json\/wp\/v2\/users\/11\/"}],"replies":[{"embeddable":true,"href":"https:\/\/www.haritzalde.org\/es\/wp-json\/wp\/v2\/comments\/?post=5305"}],"version-history":[{"count":1,"href":"https:\/\/www.haritzalde.org\/es\/wp-json\/wp\/v2\/posts\/5305\/revisions\/"}],"predecessor-version":[{"id":5306,"href":"https:\/\/www.haritzalde.org\/es\/wp-json\/wp\/v2\/posts\/5305\/revisions\/5306\/"}],"wp:featuredmedia":[{"embeddable":true,"href":"https:\/\/www.haritzalde.org\/es\/wp-json\/wp\/v2\/media\/5299\/"}],"wp:attachment":[{"href":"https:\/\/www.haritzalde.org\/es\/wp-json\/wp\/v2\/media\/?parent=5305"}],"wp:term":[{"taxonomy":"category","embeddable":true,"href":"https:\/\/www.haritzalde.org\/es\/wp-json\/wp\/v2\/categories\/?post=5305"},{"taxonomy":"post_tag","embeddable":true,"href":"https:\/\/www.haritzalde.org\/es\/wp-json\/wp\/v2\/tags\/?post=5305"}],"curies":[{"name":"wp","href":"https:\/\/api.w.org\/{rel}","templated":true}]}}