{"id":5288,"date":"2018-04-13T12:00:39","date_gmt":"2018-04-13T10:00:39","guid":{"rendered":"http:\/\/www.haritzalde.org\/?p=5288"},"modified":"2018-04-14T08:55:18","modified_gmt":"2018-04-14T06:55:18","slug":"llevamos-belartza-al-tribunal-superior-de-justicia","status":"publish","type":"post","link":"https:\/\/www.haritzalde.org\/es\/2018\/04\/llevamos-belartza-al-tribunal-superior-de-justicia\/","title":{"rendered":"Llevamos Belartza al Tribunal Superior de Justicia"},"content":{"rendered":"<p><strong>13-04-2018: Nota de prensa<\/strong><\/p>\n<p>Desde la Plataforma Belartza 2 Gelditu anunciamos que, por mediaci\u00f3n de Haritzalde Naturzaleen Elkartea, tenemos la intenci\u00f3n de recurrir al TSJPV la sentencia desestimatoria contra la demanda interpuesta en el Contencioso Administrativo n\u00ba 2 con motivo de la licencia provisional emitida por el concejal D. Enrique Ramos para permitir el vertido provisional de materiales provenientes de Belartza Cantera en la zona natural de Belartza Alto.<\/p>\n<p>La sentencia aprecia <<<strong>la existencia de serias dudas jur\u00eddicas, en atenci\u00f3n a las distintas posiciones y versiones o hechos alegados por las partes, que generaban seria incertidumbre sobre a quien asiste la raz\u00f3n, sea desde motivaciones de justicia intr\u00ednseca y de activo en el proceso, sea por lo defendible jur\u00eddicamente de cualquiera de las soluciones impetradas<\/strong>>>.<\/p>\n<p>Tras analizar la misma, \u00e9sta <strong>NO hace estudio de las amplias alegaciones presentadas, NI menciona la jurisprudencia aportada que la avala, presentando a nuestro juicio grandes incoherencias jur\u00eddicas y urban\u00edsticas que consideramos f\u00e1cilmente desmontables<\/strong>. La sentencia, que nos parece adem\u00e1s estar  nsuficientemente motivada, ha llegado sospechosamente tarde, habi\u00e9ndose dilatado los tiempos de manera injustificada\u2026, m\u00e1xime cuando la misma a penas hace un an\u00e1lisis de la extensa demanda presentada.<\/p>\n<p>El propio demandado, el Ayuntamiento de Donostia, en fechas recientes contradice lo dictado por el Juez en el sentido que ha ordenado la retirada inmediata del vertido por haber caducado la licencia y por los impactos paisaj\u00edsticos entre otros que reconoce. Ha incluso expedientado a la empresa promotora y la ha multado. As\u00ed, el Ayuntamiento <<strong>considera que no existe justificaci\u00f3n o motivaci\u00f3n suficiente que haya intenci\u00f3n de iniciar los tr\u00e1mites de una nueva ordenaci\u00f3n<\/strong>> para permitir que el vertido quede en el lugar <<strong>ya que puede que no se terminen aprobando<\/strong>>. El Consistorio ha ordenado la retirada del vertido y su restituci\u00f3n del entorno al estado original a\u00f1adiendo que <<strong>los da\u00f1os a los intereses p\u00fablicos son claros al mantener mas all\u00e1 del tiempo un dep\u00f3sito que degrada el paisaje<\/strong>>. La obviedad de dictamen administrativo tras agotarse el plazo provisional dado por el Concejal pasa ahora a un claro proceso de \u00bbingenier\u00eda administrativa\u00bb que permitir\u00e1 a los promotores, si el Ayuntamiento no interviene, alargar los plazos tras presentar un recurso judicial contra ella. Su intenci\u00f3n no es otra que usarlas en el macropol\u00edgono comercial que intentan aprobar y que las incluye necesariamente en el balance de tierras para crear el mismo. <\/p>\n<p>En cualquier caso, conviene aclarar que tanto la demanda como la sentencia s\u00f3lo ata\u00f1en a la \u201clegalidad\u201d o no de la autorizaci\u00f3n de vertido en Belartza alto, no a los posibles impactos ambientales derivados de las obras de Belartza Cantera y a los producidos por el vertido, los cuales son totalmente objetivos. Otra cosa muy distinta ser\u00e1 valorar y juzgar el alcance, gravedad e intencionalidad de los mismos, cuya responsabilidad recae en el Juzgado de lo Penal donde se interpuso la correspondiente denuncia, en la que la semana que viene pretendemos personarnos, ampliando la denuncia existente. <\/p>\n<p><strong>En la Plataforma Belartza 2 Gelditu y Haritzalde Naturzaleen Elkartea, como abanderada de la causa, somos optimistas ante el recurso en el Tribunal Superior, organismo claramente independiente y con an\u00e1lisis judicial t\u00e9cnico de los casos, que consideramos no s\u00f3lo nos dar\u00e1 la raz\u00f3n sino que crear\u00e1 jurisprudencia con la sentencia<\/strong>.<\/p>\n<p><a href=\"http:\/\/www.haritzalde.org\/wp-content\/uploads\/2018\/04\/2018-04-13_Belartza-al-TSJPV.pdf\" rel=\"noopener\" target=\"_blank\">Texto de la nota de prensa (PDF)<\/a>.<\/p>\n","protected":false},"excerpt":{"rendered":"<p>13-04-2018: Nota de prensa Desde la Plataforma Belartza 2 Gelditu anunciamos que, por mediaci\u00f3n de Haritzalde Naturzaleen Elkartea, tenemos la intenci\u00f3n de recurrir al TSJPV la sentencia desestimatoria contra la demanda interpuesta en el Contencioso Administrativo n\u00ba 2 con motivo de la licencia provisional emitida por el concejal D. Enrique Ramos para permitir el vertido [&hellip;]<\/p>\n","protected":false},"author":11,"featured_media":3930,"comment_status":"open","ping_status":"closed","sticky":false,"template":"","format":"standard","meta":[],"categories":[148],"tags":[311,232],"_links":{"self":[{"href":"https:\/\/www.haritzalde.org\/es\/wp-json\/wp\/v2\/posts\/5288\/"}],"collection":[{"href":"https:\/\/www.haritzalde.org\/es\/wp-json\/wp\/v2\/posts\/"}],"about":[{"href":"https:\/\/www.haritzalde.org\/es\/wp-json\/wp\/v2\/types\/post\/"}],"author":[{"embeddable":true,"href":"https:\/\/www.haritzalde.org\/es\/wp-json\/wp\/v2\/users\/11\/"}],"replies":[{"embeddable":true,"href":"https:\/\/www.haritzalde.org\/es\/wp-json\/wp\/v2\/comments\/?post=5288"}],"version-history":[{"count":2,"href":"https:\/\/www.haritzalde.org\/es\/wp-json\/wp\/v2\/posts\/5288\/revisions\/"}],"predecessor-version":[{"id":5290,"href":"https:\/\/www.haritzalde.org\/es\/wp-json\/wp\/v2\/posts\/5288\/revisions\/5290\/"}],"wp:featuredmedia":[{"embeddable":true,"href":"https:\/\/www.haritzalde.org\/es\/wp-json\/wp\/v2\/media\/3930\/"}],"wp:attachment":[{"href":"https:\/\/www.haritzalde.org\/es\/wp-json\/wp\/v2\/media\/?parent=5288"}],"wp:term":[{"taxonomy":"category","embeddable":true,"href":"https:\/\/www.haritzalde.org\/es\/wp-json\/wp\/v2\/categories\/?post=5288"},{"taxonomy":"post_tag","embeddable":true,"href":"https:\/\/www.haritzalde.org\/es\/wp-json\/wp\/v2\/tags\/?post=5288"}],"curies":[{"name":"wp","href":"https:\/\/api.w.org\/{rel}","templated":true}]}}