{"id":4336,"date":"2016-10-24T04:44:48","date_gmt":"2016-10-24T02:44:48","guid":{"rendered":"http:\/\/www.haritzalde.org\/es\/?p=4336"},"modified":"2017-02-27T08:40:34","modified_gmt":"2017-02-27T07:40:34","slug":"excursion-montanera-a-la-reserva-forestal-del-anarbe-vuelta-a-urdaburu","status":"publish","type":"post","link":"https:\/\/www.haritzalde.org\/es\/2016\/10\/excursion-montanera-a-la-reserva-forestal-del-anarbe-vuelta-a-urdaburu\/","title":{"rendered":"Excursi\u00f3n monta\u00f1era a la Reserva Forestal del A\u00f1arbe: Vuelta a Urdaburu"},"content":{"rendered":"<p>El pasado s\u00e1bado, 22 de octubre, realizamos la vuelta a Urdaburu en el parque natural Aiako Harria.<\/p>\n<div class=\"fusion-fullwidth fullwidth-box hundred-percent-fullwidth non-hundred-percent-height-scrolling\"  style='background-color: rgba(255,255,255,0);background-position: center center;background-repeat: no-repeat;padding-top:0px;padding-right:0px;padding-bottom:0px;padding-left:0px;border-top-width:0px;border-bottom-width:0px;border-color:#eae9e9;border-top-style:solid;border-bottom-style:solid;'><div class=\"fusion-builder-row fusion-row \"><div  class=\"fusion-layout-column fusion_builder_column fusion_builder_column_1_1  fusion-one-full fusion-column-first fusion-column-last fusion-column-no-min-height 1_1\"  style='margin-top:0px;margin-bottom:0px;'>\n\t\t\t\t\t<div class=\"fusion-column-wrapper\" style=\"background-position:left top;background-repeat:no-repeat;-webkit-background-size:cover;-moz-background-size:cover;-o-background-size:cover;background-size:cover;\"  data-bg-url=\"\">\n\t\t\t\t\t\t<div id=\"attachment_4313\" style=\"width: 310px\" class=\"wp-caption aligncenter\"><img aria-describedby=\"caption-attachment-4313\" decoding=\"async\" loading=\"lazy\" class=\"size-medium wp-image-4313\" src=\"http:\/\/www.haritzalde.org\/wp-content\/uploads\/2014\/09\/Urdaburu_2015_001-Joxemi-300x225.jpg\" alt=\"Autorea: Joxemi\" width=\"300\" height=\"225\" srcset=\"https:\/\/www.haritzalde.org\/wp-content\/uploads\/2014\/09\/Urdaburu_2015_001-Joxemi-300x225.jpg 300w, https:\/\/www.haritzalde.org\/wp-content\/uploads\/2014\/09\/Urdaburu_2015_001-Joxemi-768x576.jpg 768w, https:\/\/www.haritzalde.org\/wp-content\/uploads\/2014\/09\/Urdaburu_2015_001-Joxemi.jpg 800w\" sizes=\"(max-width: 300px) 100vw, 300px\" \/><p id=\"caption-attachment-4313\" class=\"wp-caption-text\">Autorea: Joxemi<\/p><\/div>\n<div class=\"fusion-clearfix\"><\/div>\n\n\t\t\t\t\t<\/div>\n\t\t\t\t<\/div><\/div><\/div>\n","protected":false},"excerpt":{"rendered":"<p>El pasado s\u00e1bado, 22 de octubre, realizamos la vuelta a Urdaburu en el parque natural Aiako Harria.<\/p>\n","protected":false},"author":11,"featured_media":4338,"comment_status":"open","ping_status":"closed","sticky":false,"template":"","format":"standard","meta":[],"categories":[150],"tags":[328,165],"_links":{"self":[{"href":"https:\/\/www.haritzalde.org\/es\/wp-json\/wp\/v2\/posts\/4336\/"}],"collection":[{"href":"https:\/\/www.haritzalde.org\/es\/wp-json\/wp\/v2\/posts\/"}],"about":[{"href":"https:\/\/www.haritzalde.org\/es\/wp-json\/wp\/v2\/types\/post\/"}],"author":[{"embeddable":true,"href":"https:\/\/www.haritzalde.org\/es\/wp-json\/wp\/v2\/users\/11\/"}],"replies":[{"embeddable":true,"href":"https:\/\/www.haritzalde.org\/es\/wp-json\/wp\/v2\/comments\/?post=4336"}],"version-history":[{"count":4,"href":"https:\/\/www.haritzalde.org\/es\/wp-json\/wp\/v2\/posts\/4336\/revisions\/"}],"predecessor-version":[{"id":4594,"href":"https:\/\/www.haritzalde.org\/es\/wp-json\/wp\/v2\/posts\/4336\/revisions\/4594\/"}],"wp:featuredmedia":[{"embeddable":true,"href":"https:\/\/www.haritzalde.org\/es\/wp-json\/wp\/v2\/media\/4338\/"}],"wp:attachment":[{"href":"https:\/\/www.haritzalde.org\/es\/wp-json\/wp\/v2\/media\/?parent=4336"}],"wp:term":[{"taxonomy":"category","embeddable":true,"href":"https:\/\/www.haritzalde.org\/es\/wp-json\/wp\/v2\/categories\/?post=4336"},{"taxonomy":"post_tag","embeddable":true,"href":"https:\/\/www.haritzalde.org\/es\/wp-json\/wp\/v2\/tags\/?post=4336"}],"curies":[{"name":"wp","href":"https:\/\/api.w.org\/{rel}","templated":true}]}}