{"id":3145,"date":"2015-11-02T10:29:22","date_gmt":"2015-11-02T09:29:22","guid":{"rendered":"http:\/\/www.haritzalde.org\/?p=3145"},"modified":"2017-02-27T08:40:37","modified_gmt":"2017-02-27T07:40:37","slug":"reparto-de-semillas-forestales-autoctonas","status":"publish","type":"post","link":"https:\/\/www.haritzalde.org\/es\/2015\/11\/reparto-de-semillas-forestales-autoctonas\/","title":{"rendered":"Reparto de semillas forestales aut\u00f3ctonas"},"content":{"rendered":"<p>Al igual que en a\u00f1os precedentes hemos\u00a0realizado\u00a0el reparto de semillas aut\u00f3ctonas, este a\u00f1o fue el\u00a031 de octubre.<\/p>\n<p>Se acercaron muchos ciudadanos en busca de semillas para poner su grano de arena.<\/p>\n<p>Queremos agradecer a todas las personas que se acercaron su compromiso en proteger los bosques aut\u00f3ctonos.<\/p>\n<p>M\u00e1s informaci\u00f3n: <a href=\"http:\/\/www.haritzalde.org\/wp-content\/uploads\/2015\/10\/2015ko-PRENTSA-OHARRA-eguneratua.pdf\" target=\"_blank\">nota de prensa<\/a>.<\/p>\n<p><iframe loading=\"lazy\" width=\"560\" height=\"315\" src=\"https:\/\/www.youtube.com\/embed\/Q1whDXTUTYs?rel=0\" frameborder=\"0\" allowfullscreen><\/iframe><\/p>\n","protected":false},"excerpt":{"rendered":"<p>Al igual que en a\u00f1os precedentes hemos\u00a0realizado\u00a0el reparto de semillas aut\u00f3ctonas, este a\u00f1o fue el\u00a031 de octubre. Se acercaron muchos ciudadanos en busca de semillas para poner su grano de arena. Queremos agradecer a todas las personas que se acercaron su compromiso en proteger los bosques aut\u00f3ctonos. M\u00e1s informaci\u00f3n: nota de prensa.<\/p>\n","protected":false},"author":11,"featured_media":3200,"comment_status":"open","ping_status":"closed","sticky":false,"template":"","format":"standard","meta":[],"categories":[145,146],"tags":[259,163,165],"_links":{"self":[{"href":"https:\/\/www.haritzalde.org\/es\/wp-json\/wp\/v2\/posts\/3145\/"}],"collection":[{"href":"https:\/\/www.haritzalde.org\/es\/wp-json\/wp\/v2\/posts\/"}],"about":[{"href":"https:\/\/www.haritzalde.org\/es\/wp-json\/wp\/v2\/types\/post\/"}],"author":[{"embeddable":true,"href":"https:\/\/www.haritzalde.org\/es\/wp-json\/wp\/v2\/users\/11\/"}],"replies":[{"embeddable":true,"href":"https:\/\/www.haritzalde.org\/es\/wp-json\/wp\/v2\/comments\/?post=3145"}],"version-history":[{"count":3,"href":"https:\/\/www.haritzalde.org\/es\/wp-json\/wp\/v2\/posts\/3145\/revisions\/"}],"predecessor-version":[{"id":3205,"href":"https:\/\/www.haritzalde.org\/es\/wp-json\/wp\/v2\/posts\/3145\/revisions\/3205\/"}],"wp:featuredmedia":[{"embeddable":true,"href":"https:\/\/www.haritzalde.org\/es\/wp-json\/wp\/v2\/media\/3200\/"}],"wp:attachment":[{"href":"https:\/\/www.haritzalde.org\/es\/wp-json\/wp\/v2\/media\/?parent=3145"}],"wp:term":[{"taxonomy":"category","embeddable":true,"href":"https:\/\/www.haritzalde.org\/es\/wp-json\/wp\/v2\/categories\/?post=3145"},{"taxonomy":"post_tag","embeddable":true,"href":"https:\/\/www.haritzalde.org\/es\/wp-json\/wp\/v2\/tags\/?post=3145"}],"curies":[{"name":"wp","href":"https:\/\/api.w.org\/{rel}","templated":true}]}}