{"id":2288,"date":"2014-04-15T18:42:57","date_gmt":"2014-04-15T16:42:57","guid":{"rendered":"http:\/\/haritzalde.factorideas.com\/cronica-urumea-ezagutzen-ii\/"},"modified":"2017-02-27T08:40:44","modified_gmt":"2017-02-27T07:40:44","slug":"cronica-urumea-ezagutzen-ii","status":"publish","type":"post","link":"https:\/\/www.haritzalde.org\/es\/2014\/04\/cronica-urumea-ezagutzen-ii\/","title":{"rendered":"Cr\u00f3nica: Urumea ezagutzen II"},"content":{"rendered":"<p>El pasado fin de semana, los 3 grupos de trainera, kayak y caminata que participaron conociendo el Urumea, disfrutaron mucho de la actividad. El tiempo acompa\u00f1o y permiti\u00f3<br \/>\npasar una tarde o ma\u00f1ana perfecta en la naturaleza.<\/p>\n<p><object width=\"600\" height=\"400\" classid=\"clsid:d27cdb6e-ae6d-11cf-96b8-444553540000\" codebase=\"http:\/\/download.macromedia.com\/pub\/shockwave\/cabs\/flash\/swflash.cab#version=6,0,40,0\"><param name=\"src\" value=\"https:\/\/photos.gstatic.com\/media\/slideshow.swf\" \/><param name=\"flashvars\" value=\"host=picasaweb.google.com&#038;hl=es&#038;feat=flashalbum&#038;RGB=0x000000&#038;feed=https%3A%2F%2Fpicasaweb.google.com%2Fdata%2Ffeed%2Fapi%2Fuser%2F103320098414251440967%2Falbumid%2F6002466944248655809%3Falt%3Drss%26kind%3Dphoto%26hl%3Des\" \/><param name=\"pluginspage\" value=\"http:\/\/www.macromedia.com\/go\/getflashplayer\" \/><embed width=\"600\" height=\"400\" type=\"application\/x-shockwave-flash\" src=\"https:\/\/photos.gstatic.com\/media\/slideshow.swf\" flashvars=\"host=picasaweb.google.com&#038;hl=es&#038;feat=flashalbum&#038;RGB=0x000000&#038;feed=https%3A%2F%2Fpicasaweb.google.com%2Fdata%2Ffeed%2Fapi%2Fuser%2F103320098414251440967%2Falbumid%2F6002466944248655809%3Falt%3Drss%26kind%3Dphoto%26hl%3Des\" pluginspage=\"http:\/\/www.macromedia.com\/go\/getflashplayer\" \/><\/object><\/p>\n<p>Algunos participantes realizaron 2 veces la actividad, en trainera y caminado, y como nos hicieron saber \u00abhacer la actividad desde el r\u00edo o caminando ofrece 2 perspectivas distintas\u00bb. Nos confesaron a ambas actividades les gustaron mucho. Nos indicaron tambi\u00e9n, que a pesar de atender alguna que otra explicaci\u00f3n por duplicado las visi\u00f3n del r\u00edo es muy distinta.<\/p>\n<p><object width=\"600\" height=\"400\" classid=\"clsid:d27cdb6e-ae6d-11cf-96b8-444553540000\" codebase=\"http:\/\/download.macromedia.com\/pub\/shockwave\/cabs\/flash\/swflash.cab#version=6,0,40,0\"><param name=\"src\" value=\"https:\/\/photos.gstatic.com\/media\/slideshow.swf\" \/><param name=\"flashvars\" value=\"host=picasaweb.google.com&#038;hl=es&#038;feat=flashalbum&#038;RGB=0x000000&#038;feed=https%3A%2F%2Fpicasaweb.google.com%2Fdata%2Ffeed%2Fapi%2Fuser%2F103320098414251440967%2Falbumid%2F6002553032050829937%3Falt%3Drss%26kind%3Dphoto%26hl%3Des\" \/><param name=\"pluginspage\" value=\"http:\/\/www.macromedia.com\/go\/getflashplayer\" \/><embed width=\"600\" height=\"400\" type=\"application\/x-shockwave-flash\" src=\"https:\/\/photos.gstatic.com\/media\/slideshow.swf\" flashvars=\"host=picasaweb.google.com&#038;hl=es&#038;feat=flashalbum&#038;RGB=0x000000&#038;feed=https%3A%2F%2Fpicasaweb.google.com%2Fdata%2Ffeed%2Fapi%2Fuser%2F103320098414251440967%2Falbumid%2F6002553032050829937%3Falt%3Drss%26kind%3Dphoto%26hl%3Des\" pluginspage=\"http:\/\/www.macromedia.com\/go\/getflashplayer\" \/><\/object><\/p>\n<p>Los ni\u00f1os que vinieron en la caminata disfrutaron mucho y pasaron de un ambiente de ciudad muy ruidoso a la naturaleza, donde se o\u00edan los cantos de los p\u00e1jaros. Los ni\u00f1os pasaron de la rapidez a la quietud aunque ellos, el recorrido, lo hicieron corriendo.<\/p>\n","protected":false},"excerpt":{"rendered":"<p>El pasado fin de semana, los 3 grupos de trainera, kayak y caminata que participaron conociendo el Urumea, disfrutaron mucho de la actividad. El tiempo acompa\u00f1o y permiti\u00f3 pasar una tarde o ma\u00f1ana perfecta en la naturaleza. Algunos participantes realizaron 2 veces la actividad, en trainera y caminado, y como nos hicieron saber \u00abhacer la [&hellip;]<\/p>\n","protected":false},"author":10,"featured_media":0,"comment_status":"open","ping_status":"closed","sticky":false,"template":"","format":"standard","meta":[],"categories":[146],"tags":[228,255,232,204,257],"_links":{"self":[{"href":"https:\/\/www.haritzalde.org\/es\/wp-json\/wp\/v2\/posts\/2288\/"}],"collection":[{"href":"https:\/\/www.haritzalde.org\/es\/wp-json\/wp\/v2\/posts\/"}],"about":[{"href":"https:\/\/www.haritzalde.org\/es\/wp-json\/wp\/v2\/types\/post\/"}],"author":[{"embeddable":true,"href":"https:\/\/www.haritzalde.org\/es\/wp-json\/wp\/v2\/users\/10\/"}],"replies":[{"embeddable":true,"href":"https:\/\/www.haritzalde.org\/es\/wp-json\/wp\/v2\/comments\/?post=2288"}],"version-history":[{"count":1,"href":"https:\/\/www.haritzalde.org\/es\/wp-json\/wp\/v2\/posts\/2288\/revisions\/"}],"predecessor-version":[{"id":4625,"href":"https:\/\/www.haritzalde.org\/es\/wp-json\/wp\/v2\/posts\/2288\/revisions\/4625\/"}],"wp:attachment":[{"href":"https:\/\/www.haritzalde.org\/es\/wp-json\/wp\/v2\/media\/?parent=2288"}],"wp:term":[{"taxonomy":"category","embeddable":true,"href":"https:\/\/www.haritzalde.org\/es\/wp-json\/wp\/v2\/categories\/?post=2288"},{"taxonomy":"post_tag","embeddable":true,"href":"https:\/\/www.haritzalde.org\/es\/wp-json\/wp\/v2\/tags\/?post=2288"}],"curies":[{"name":"wp","href":"https:\/\/api.w.org\/{rel}","templated":true}]}}