{"id":2274,"date":"2014-04-01T02:19:05","date_gmt":"2014-04-01T00:19:05","guid":{"rendered":"http:\/\/haritzalde.factorideas.com\/plantacion-popular-en-el-parque-amaiur-y-visitas-guiadas-por-la-ribera-del-urumea\/"},"modified":"2017-02-27T08:40:46","modified_gmt":"2017-02-27T07:40:46","slug":"plantacion-popular-en-el-parque-amaiur-y-visitas-guiadas-por-la-ribera-del-urumea","status":"publish","type":"post","link":"https:\/\/www.haritzalde.org\/es\/2014\/04\/plantacion-popular-en-el-parque-amaiur-y-visitas-guiadas-por-la-ribera-del-urumea\/","title":{"rendered":"Plantaci\u00f3n popular en el parque Amaiur y visitas guiadas por la ribera del Urumea"},"content":{"rendered":"<p><strong>Parque Amaiur<\/strong><\/p>\n<p>M\u00e1s de dos decenios pidi\u00e9ndolo, 20 largos a\u00f1os de luchas y cientos de horas de trabajo para que no cerrara el barrio de Amara. Mucho esfuerzo, pero lo hemos conseguido y aquellos planes divisorios parecen definitivamente aparcados. Hoy, el Parque Amaiur, aunque acondicionado de manera provisional, es el nexo de uni\u00f3n y no la barrera entre Amara Berri y Riberas de Loiola. Eso hay que celebrarlo y en Haritzalde se nos ha ocurrido nada mejor que una plantaci\u00f3n popular y un acto de hermanamiento de los barrios.<\/p>\n<p>El parque de Amaiur pertenece m\u00e1s a los vecinos y lo han hecho suyo a trav\u00e9s de la plantaci\u00f3n popular de \u00e1rboles Amaiur. Los vecinos que se acercaron colaboraron activamente, el ambiente festivo inund\u00f3 el transcurso de la actividad y los ni\u00f1os disfrutaron mucho de la plantaci\u00f3n y de los juegos.<\/p>\n<p><embed type=\"application\/x-shockwave-flash\" src=\"https:\/\/photos.gstatic.com\/media\/slideshow.swf\" width=\"600\" height=\"400\" flashvars=\"host=picasaweb.google.com&#038;hl=es&#038;feat=flashalbum&#038;RGB=0x000000&#038;feed=https%3A%2F%2Fpicasaweb.google.com%2Fdata%2Ffeed%2Fapi%2Fuser%2F103320098414251440967%2Falbumid%2F5997093961757923457%3Falt%3Drss%26kind%3Dphoto%26hl%3Des\" pluginspage=\"http:\/\/www.macromedia.com\/go\/getflashplayer\"><\/embed><\/p>\n<p><strong>El r\u00edo Urumea<\/strong><\/p>\n<p>La visitas guiadas para conocer m\u00e1s de cerca la naturaleza del r\u00edo Urumea y sus habitantes han comenzado. Remontando el Urumea se aprecian los cambios en la fisionom\u00eda de la ribera del r\u00edo, desde las paredes verticales (urbanizado completamente), pasando por laderas semiurbanizadas y finalizando con la ribera sin intervenir, el cauce natural. El recorrido est\u00e1 salpicado de la historia de la ciudad con sus puentes, caser\u00edos y puertos y de las inundaciones que han ocurrido a lo largo de los a\u00f1os, todo ello tiene cabida en el Urumea.<br \/>\nLa excursi\u00f3n de 2 horas nos adentr\u00f3 en un entorno natural sin darnos cuenta en el que se pudo apreciar la riqueza de la ribera con su fauna y flora. Todo un regalo dentro de la ciudad como describieron los asistentes. <\/p>\n<p><embed type=\"application\/x-shockwave-flash\" src=\"https:\/\/photos.gstatic.com\/media\/slideshow.swf\" width=\"600\" height=\"400\" flashvars=\"host=picasaweb.google.com&#038;hl=es&#038;feat=flashalbum&#038;RGB=0x000000&#038;feed=https%3A%2F%2Fpicasaweb.google.com%2Fdata%2Ffeed%2Fapi%2Fuser%2F103320098414251440967%2Falbumid%2F5997095077336848417%3Falt%3Drss%26kind%3Dphoto%26hl%3Des\" pluginspage=\"http:\/\/www.macromedia.com\/go\/getflashplayer\"><\/embed><\/p>\n","protected":false},"excerpt":{"rendered":"<p>Parque Amaiur M\u00e1s de dos decenios pidi\u00e9ndolo, 20 largos a\u00f1os de luchas y cientos de horas de trabajo para que no cerrara el barrio de Amara. Mucho esfuerzo, pero lo hemos conseguido y aquellos planes divisorios parecen definitivamente aparcados. Hoy, el Parque Amaiur, aunque acondicionado de manera provisional, es el nexo de uni\u00f3n y no [&hellip;]<\/p>\n","protected":false},"author":10,"featured_media":0,"comment_status":"open","ping_status":"closed","sticky":false,"template":"","format":"standard","meta":[],"categories":[146],"tags":[180,254,255,232,204,257],"_links":{"self":[{"href":"https:\/\/www.haritzalde.org\/es\/wp-json\/wp\/v2\/posts\/2274\/"}],"collection":[{"href":"https:\/\/www.haritzalde.org\/es\/wp-json\/wp\/v2\/posts\/"}],"about":[{"href":"https:\/\/www.haritzalde.org\/es\/wp-json\/wp\/v2\/types\/post\/"}],"author":[{"embeddable":true,"href":"https:\/\/www.haritzalde.org\/es\/wp-json\/wp\/v2\/users\/10\/"}],"replies":[{"embeddable":true,"href":"https:\/\/www.haritzalde.org\/es\/wp-json\/wp\/v2\/comments\/?post=2274"}],"version-history":[{"count":1,"href":"https:\/\/www.haritzalde.org\/es\/wp-json\/wp\/v2\/posts\/2274\/revisions\/"}],"predecessor-version":[{"id":4632,"href":"https:\/\/www.haritzalde.org\/es\/wp-json\/wp\/v2\/posts\/2274\/revisions\/4632\/"}],"wp:attachment":[{"href":"https:\/\/www.haritzalde.org\/es\/wp-json\/wp\/v2\/media\/?parent=2274"}],"wp:term":[{"taxonomy":"category","embeddable":true,"href":"https:\/\/www.haritzalde.org\/es\/wp-json\/wp\/v2\/categories\/?post=2274"},{"taxonomy":"post_tag","embeddable":true,"href":"https:\/\/www.haritzalde.org\/es\/wp-json\/wp\/v2\/tags\/?post=2274"}],"curies":[{"name":"wp","href":"https:\/\/api.w.org\/{rel}","templated":true}]}}