{"id":2266,"date":"2014-03-23T19:36:35","date_gmt":"2014-03-23T18:36:35","guid":{"rendered":"http:\/\/haritzalde.factorideas.com\/mesa-redonda-derecho-humano-al-agua-y-al-saneamiento-frente-a-las-presiones-privatizadoras\/"},"modified":"2017-02-27T08:40:47","modified_gmt":"2017-02-27T07:40:47","slug":"mesa-redonda-derecho-humano-al-agua-y-al-saneamiento-frente-a-las-presiones-privatizadoras","status":"publish","type":"post","link":"https:\/\/www.haritzalde.org\/es\/2014\/03\/mesa-redonda-derecho-humano-al-agua-y-al-saneamiento-frente-a-las-presiones-privatizadoras\/","title":{"rendered":"Mesa redonda: Derecho humano al agua y al saneamiento frente a las presiones privatizadoras"},"content":{"rendered":"<p>La mesa redonda \u00ab<strong>derecho humano al agua y al saneamiento frente a las presiones privatizadoras<\/strong>\u00ab, se celebr\u00f3 el pasado jueves, 20 de marzo.<\/p>\n<p><strong>Ponentes<\/strong>: Federico Mayor Zaragoza, Aniza Garc\u00eda, Pedro Arrojo, Paul Nicholson y Graciela Ferrer.<br \/>\n<strong>Moderador<\/strong>: Victor Pe\u00f1as.<\/p>\n<p><strong>Desarrollo de la actividad<\/strong>:<br \/>\nSe comienza con el v\u00eddeo de Federico Mayor Zaragoza, que durante alrededor de 5 minutos habla sobre este tema con enfoque de derechos. Le sigue Aniza Garc\u00eda y cierra este bloque Pedro Arrojo que al mismo tiempo introduce el tema de la privatizaci\u00f3n le sigue Paul Nicholson y cierra Graciela Ferrer. <\/p>\n<p><iframe loading=\"lazy\" width=\"640\" height=\"360\" src=\"\/\/www.youtube.com\/embed\/rHUto9LfnGk?rel=0\" frameborder=\"0\" allowfullscreen><\/iframe><br \/>\nExposici\u00f3n de Federico Mayor Zaragoza.<\/p>\n<p><embed type=\"application\/x-shockwave-flash\" src=\"https:\/\/photos.gstatic.com\/media\/slideshow.swf\" width=\"600\" height=\"400\" flashvars=\"host=picasaweb.google.com&#038;captions=1&#038;hl=es&#038;feat=flashalbum&#038;RGB=0x000000&#038;feed=https%3A%2F%2Fpicasaweb.google.com%2Fdata%2Ffeed%2Fapi%2Fuser%2F103320098414251440967%2Falbumid%2F5994057110832613537%3Falt%3Drss%26kind%3Dphoto%26hl%3Des\" pluginspage=\"http:\/\/www.macromedia.com\/go\/getflashplayer\"><\/embed><br \/>\n<strong>M\u00e1s informaci\u00f3n<\/strong>: res\u00famenes de los ponentes (<a href=\"http:\/\/www.haritzalde.org\/wp-content\/uploads\/2014-03-20_Derecho-humano-agua-completo.pdf\" target=\"_blank\">PDF<\/a>).<\/p>\n<p>Organizadores: Haritzalde Naturzaleen Elkartea y Ekologistak Martxan.<br \/>\nColaboradores: UPV\/EHU y San Telmo Museoa.<\/p>\n","protected":false},"excerpt":{"rendered":"<p>La mesa redonda \u00abderecho humano al agua y al saneamiento frente a las presiones privatizadoras\u00ab, se celebr\u00f3 el pasado jueves, 20 de marzo. Ponentes: Federico Mayor Zaragoza, Aniza Garc\u00eda, Pedro Arrojo, Paul Nicholson y Graciela Ferrer. Moderador: Victor Pe\u00f1as. Desarrollo de la actividad: Se comienza con el v\u00eddeo de Federico Mayor Zaragoza, que durante alrededor [&hellip;]<\/p>\n","protected":false},"author":10,"featured_media":0,"comment_status":"open","ping_status":"closed","sticky":false,"template":"","format":"standard","meta":[],"categories":[146],"tags":[188,241,241,244,244],"_links":{"self":[{"href":"https:\/\/www.haritzalde.org\/es\/wp-json\/wp\/v2\/posts\/2266\/"}],"collection":[{"href":"https:\/\/www.haritzalde.org\/es\/wp-json\/wp\/v2\/posts\/"}],"about":[{"href":"https:\/\/www.haritzalde.org\/es\/wp-json\/wp\/v2\/types\/post\/"}],"author":[{"embeddable":true,"href":"https:\/\/www.haritzalde.org\/es\/wp-json\/wp\/v2\/users\/10\/"}],"replies":[{"embeddable":true,"href":"https:\/\/www.haritzalde.org\/es\/wp-json\/wp\/v2\/comments\/?post=2266"}],"version-history":[{"count":1,"href":"https:\/\/www.haritzalde.org\/es\/wp-json\/wp\/v2\/posts\/2266\/revisions\/"}],"predecessor-version":[{"id":4636,"href":"https:\/\/www.haritzalde.org\/es\/wp-json\/wp\/v2\/posts\/2266\/revisions\/4636\/"}],"wp:attachment":[{"href":"https:\/\/www.haritzalde.org\/es\/wp-json\/wp\/v2\/media\/?parent=2266"}],"wp:term":[{"taxonomy":"category","embeddable":true,"href":"https:\/\/www.haritzalde.org\/es\/wp-json\/wp\/v2\/categories\/?post=2266"},{"taxonomy":"post_tag","embeddable":true,"href":"https:\/\/www.haritzalde.org\/es\/wp-json\/wp\/v2\/tags\/?post=2266"}],"curies":[{"name":"wp","href":"https:\/\/api.w.org\/{rel}","templated":true}]}}