{"id":2252,"date":"2014-03-07T19:12:38","date_gmt":"2014-03-07T18:12:38","guid":{"rendered":"http:\/\/haritzalde.factorideas.com\/agua-rios-y-pueblos\/"},"modified":"2017-02-27T08:40:47","modified_gmt":"2017-02-27T07:40:47","slug":"agua-rios-y-pueblos","status":"publish","type":"post","link":"https:\/\/www.haritzalde.org\/es\/2014\/03\/agua-rios-y-pueblos\/","title":{"rendered":"Agua, r\u00edos y pueblos"},"content":{"rendered":"<p>A falta de pocos d\u00edas para la inauguraci\u00f3n de la exposici\u00f3n internacioal <strong>agua, r\u00edos y pueblos<\/strong>, la agenda ciudadana que acompa\u00f1a a este proyecto ha comenzada su andadura.<br \/>\nAyer se celebr\u00f3 una mesa redonda <strong>Conviviendo con el Urumea<\/strong> que inauguro dicha agenda.<\/p>\n<p>Obt\u00e9n el programaci\u00f3n de la <strong>agenda ciudadana<\/strong> <a href=\"http:\/\/www.haritzalde.org\/wp-content\/uploads\/Agenda-Ciudadana-cast-2014-04-02.pdf\" target=\"_blank\">clicando aqu\u00ed<\/a>. En ella figuran todas las actividades que se realizar\u00e1n durante los meses de marzo a mayo.<br \/>\n\u00a1An\u00edmate y participa!<\/p>\n<p>Web de la exposici\u00f3n: <a href=\"http:\/\/www.aguariosypueblos.org\" target=\"_blank\">aguariosypueblos.org<\/a><\/p>\n<div class=\"fusion-fullwidth fullwidth-box hundred-percent-fullwidth non-hundred-percent-height-scrolling\"  style='background-color: rgba(255,255,255,0);background-position: center center;background-repeat: no-repeat;padding-top:0px;padding-right:0px;padding-bottom:0px;padding-left:0px;border-top-width:0px;border-bottom-width:0px;border-color:#eae9e9;border-top-style:solid;border-bottom-style:solid;'><div class=\"fusion-builder-row fusion-row \"><div  class=\"fusion-layout-column fusion_builder_column fusion_builder_column_1_1  fusion-one-full fusion-column-first fusion-column-last fusion-column-no-min-height 1_1\"  style='margin-top:0px;margin-bottom:0px;'>\n\t\t\t\t\t<div class=\"fusion-column-wrapper\" style=\"background-position:left top;background-repeat:no-repeat;-webkit-background-size:cover;-moz-background-size:cover;-o-background-size:cover;background-size:cover;\"  data-bg-url=\"\">\n\t\t\t\t\t\t<div id=\"attachment_1479\" style=\"width: 810px\" class=\"wp-caption aligncenter\"><a href=\"http:\/\/www.haritzalde.org\/wp-content\/uploads\/Rain_on_grass2A.jpg\"><img aria-describedby=\"caption-attachment-1479\" decoding=\"async\" loading=\"lazy\" class=\"size-full wp-image-1479\" alt=\"Autorea: Adrian Benko\" src=\"http:\/\/www.haritzalde.org\/wp-content\/uploads\/Rain_on_grass2A.jpg\" width=\"800\" height=\"600\" srcset=\"https:\/\/www.haritzalde.org\/wp-content\/uploads\/Rain_on_grass2A-300x225.jpg 300w, https:\/\/www.haritzalde.org\/wp-content\/uploads\/Rain_on_grass2A-624x468.jpg 624w, https:\/\/www.haritzalde.org\/wp-content\/uploads\/Rain_on_grass2A.jpg 800w\" sizes=\"(max-width: 800px) 100vw, 800px\" \/><\/a><p id=\"caption-attachment-1479\" class=\"wp-caption-text\">Autorea: Adrian Benko<\/p><\/div><div class=\"fusion-clearfix\"><\/div>\n\n\t\t\t\t\t<\/div>\n\t\t\t\t<\/div><\/div><\/div>\n","protected":false},"excerpt":{"rendered":"<p>A falta de pocos d\u00edas para la inauguraci\u00f3n de la exposici\u00f3n internacioal agua, r\u00edos y pueblos, la agenda ciudadana que acompa\u00f1a a este proyecto ha comenzada su andadura. Ayer se celebr\u00f3 una mesa redonda Conviviendo con el Urumea que inauguro dicha agenda. Obt\u00e9n el programaci\u00f3n de la agenda ciudadana clicando aqu\u00ed. En ella figuran todas [&hellip;]<\/p>\n","protected":false},"author":10,"featured_media":0,"comment_status":"open","ping_status":"closed","sticky":false,"template":"","format":"standard","meta":[],"categories":[145],"tags":[176,196,204,189,257,257],"_links":{"self":[{"href":"https:\/\/www.haritzalde.org\/es\/wp-json\/wp\/v2\/posts\/2252\/"}],"collection":[{"href":"https:\/\/www.haritzalde.org\/es\/wp-json\/wp\/v2\/posts\/"}],"about":[{"href":"https:\/\/www.haritzalde.org\/es\/wp-json\/wp\/v2\/types\/post\/"}],"author":[{"embeddable":true,"href":"https:\/\/www.haritzalde.org\/es\/wp-json\/wp\/v2\/users\/10\/"}],"replies":[{"embeddable":true,"href":"https:\/\/www.haritzalde.org\/es\/wp-json\/wp\/v2\/comments\/?post=2252"}],"version-history":[{"count":1,"href":"https:\/\/www.haritzalde.org\/es\/wp-json\/wp\/v2\/posts\/2252\/revisions\/"}],"predecessor-version":[{"id":4639,"href":"https:\/\/www.haritzalde.org\/es\/wp-json\/wp\/v2\/posts\/2252\/revisions\/4639\/"}],"wp:attachment":[{"href":"https:\/\/www.haritzalde.org\/es\/wp-json\/wp\/v2\/media\/?parent=2252"}],"wp:term":[{"taxonomy":"category","embeddable":true,"href":"https:\/\/www.haritzalde.org\/es\/wp-json\/wp\/v2\/categories\/?post=2252"},{"taxonomy":"post_tag","embeddable":true,"href":"https:\/\/www.haritzalde.org\/es\/wp-json\/wp\/v2\/tags\/?post=2252"}],"curies":[{"name":"wp","href":"https:\/\/api.w.org\/{rel}","templated":true}]}}