{"id":2218,"date":"2013-12-11T01:15:08","date_gmt":"2013-12-11T00:15:08","guid":{"rendered":"http:\/\/haritzalde.factorideas.com\/proyecto-zuhaitzak-2013-seguimiento-de-los-arboles-de-puio\/"},"modified":"2017-02-27T08:40:49","modified_gmt":"2017-02-27T07:40:49","slug":"proyecto-zuhaitzak-2013-seguimiento-de-los-arboles-de-puio","status":"publish","type":"post","link":"https:\/\/www.haritzalde.org\/es\/2013\/12\/proyecto-zuhaitzak-2013-seguimiento-de-los-arboles-de-puio\/","title":{"rendered":"Proyecto Zuhaitzak 2013: Seguimiento de los \u00e1rboles de Puio"},"content":{"rendered":"<p>El proyecto <strong>ZUHAITZAK 2013<\/strong> es un proyecto que tiene como objetivo socializar la importancia del arbolado aut\u00f3ctono. Incluye 3 l\u00edneas de trabajo.<br \/>\n<strong>La primera<\/strong>, incluye las plantaciones realizadas este a\u00f1o 2013.<br \/>\n<strong>La segunda<\/strong>, incluye el reparto de semillas realizado este 2013 en Donostia y Lasarte.<br \/>\n<strong>La tercera<\/strong>, consiste en hacer el seguimiento de parte de los 2222 \u00e1rboles plantados en una ladera con escaso suelo entre 2004 y 2013. En 2012 iniciamos con este trabajo y visto que era un trabajo grande, solicitamos al ayuntamiento de Donostia una subvenci\u00f3n de 1000 euros para poder llevar a cabo estas 3 l\u00edneas de trabajo, subvenci\u00f3n que ha sido concedida.<\/p>\n<p>El trabajo de campo de esta tercera l\u00ednea se desarrollo el pasado 6 y 8 de diciembre. Citados en la entrada al parque de Puio, 7 socios de Haritzalde iniciamos el siguiente trabajo.<br \/>\n<strong>Primero<\/strong>, siendo tan ancha la ladera y siendo 7 las personas que est\u00e1bamos, creamos sectores en la ladera para facilitar el trabajo utilizando cintas de pl\u00e1stico. En total fueron 4.<br \/>\n<strong>A continuaci\u00f3n<\/strong>, formando parejas creamos 3 grupos y empezamos de abajo hacia arriba a buscar, medir y marcar cada uno de los \u00e1rboles, mientras que la 7\u00aa persona iba geolocalizando con las coordenadas UTM cada uno de esos \u00e1rboles.<br \/>\n<strong>En tercer lugar<\/strong>, cada grupo ha pasado a hoja excell los datos.<br \/>\n<strong>Finalmente<\/strong>, queda recoger los datos de la hoja excell y utilizando el programa de autocad y creando un fotomontaje, queremos crear una imagen final de estos \u00e1rboles.<\/p>\n<p><strong>El balance<\/strong> que hacemos de estos 2 d\u00edas es muy positivo, porque ha servido para conocer los \u00e1rboles, porque ver los \u00e1rboles plantados desde 2004 m\u00e1s grandes es algo muy bonito y porque los que han estado trabajando en este seguimiento, han estado muy a gusto.<\/p>\n<p>En total se han encontrado, medido, marcado y geolocalizado 913 \u00e1rboles y arbustos. El trabajo ha durado 7-8 horas y todav\u00eda queda por repasar 2\/3 partes de toda la ladera. De momento las especies que hemos encontrado son: <em>Ulmus minor<\/em> (olmo), <em>Fraxinus excelsior<\/em> (fresno), <em>Betula alba<\/em> y <em>B. pubescens<\/em> (abedules), <em>Prunus avium<\/em> (cerezo), <em>Sambucus nigra<\/em> (sa\u00faco), <em>Corylus avellana<\/em> (avellano), <em>Acer campestre<\/em> (arce), <em>Alnus glutinosa<\/em> (aliso), <em>Quercus robur<\/em> (roble) y <em>Cornus sangu\u00ednea<\/em> (cornejo). <strong>En los pr\u00f3ximos d\u00edas tendremos m\u00e1s informaci\u00f3n.<\/strong><\/p>\n<p><object width=\"800\" height=\"533\" classid=\"clsid:d27cdb6e-ae6d-11cf-96b8-444553540000\" codebase=\"http:\/\/download.macromedia.com\/pub\/shockwave\/cabs\/flash\/swflash.cab#version=6,0,40,0\"><param name=\"src\" value=\"https:\/\/static.googleusercontent.com\/external_content\/picasaweb.googleusercontent.com\/slideshow.swf\" \/><param name=\"flashvars\" value=\"host=picasaweb.google.com&#038;hl=es&#038;feat=flashalbum&#038;RGB=0x000000&#038;feed=https%3A%2F%2Fpicasaweb.google.com%2Fdata%2Ffeed%2Fapi%2Fuser%2F103320098414251440967%2Falbumid%2F5955908631899713505%3Falt%3Drss%26kind%3Dphoto%26hl%3Des\" \/><param name=\"pluginspage\" value=\"http:\/\/www.macromedia.com\/go\/getflashplayer\" \/><embed width=\"800\" height=\"533\" type=\"application\/x-shockwave-flash\" src=\"https:\/\/static.googleusercontent.com\/external_content\/picasaweb.googleusercontent.com\/slideshow.swf\" flashvars=\"host=picasaweb.google.com&#038;hl=es&#038;feat=flashalbum&#038;RGB=0x000000&#038;feed=https%3A%2F%2Fpicasaweb.google.com%2Fdata%2Ffeed%2Fapi%2Fuser%2F103320098414251440967%2Falbumid%2F5955908631899713505%3Falt%3Drss%26kind%3Dphoto%26hl%3Des\" pluginspage=\"http:\/\/www.macromedia.com\/go\/getflashplayer\" \/><\/object><\/p>\n<p>xx<\/p>\n","protected":false},"excerpt":{"rendered":"<p>El proyecto ZUHAITZAK 2013 es un proyecto que tiene como objetivo socializar la importancia del arbolado aut\u00f3ctono. Incluye 3 l\u00edneas de trabajo. La primera, incluye las plantaciones realizadas este a\u00f1o 2013. La segunda, incluye el reparto de semillas realizado este 2013 en Donostia y Lasarte. La tercera, consiste en hacer el seguimiento de parte de [&hellip;]<\/p>\n","protected":false},"author":10,"featured_media":0,"comment_status":"open","ping_status":"closed","sticky":false,"template":"","format":"standard","meta":[],"categories":[145],"tags":[259,165,232],"_links":{"self":[{"href":"https:\/\/www.haritzalde.org\/es\/wp-json\/wp\/v2\/posts\/2218\/"}],"collection":[{"href":"https:\/\/www.haritzalde.org\/es\/wp-json\/wp\/v2\/posts\/"}],"about":[{"href":"https:\/\/www.haritzalde.org\/es\/wp-json\/wp\/v2\/types\/post\/"}],"author":[{"embeddable":true,"href":"https:\/\/www.haritzalde.org\/es\/wp-json\/wp\/v2\/users\/10\/"}],"replies":[{"embeddable":true,"href":"https:\/\/www.haritzalde.org\/es\/wp-json\/wp\/v2\/comments\/?post=2218"}],"version-history":[{"count":1,"href":"https:\/\/www.haritzalde.org\/es\/wp-json\/wp\/v2\/posts\/2218\/revisions\/"}],"predecessor-version":[{"id":4657,"href":"https:\/\/www.haritzalde.org\/es\/wp-json\/wp\/v2\/posts\/2218\/revisions\/4657\/"}],"wp:attachment":[{"href":"https:\/\/www.haritzalde.org\/es\/wp-json\/wp\/v2\/media\/?parent=2218"}],"wp:term":[{"taxonomy":"category","embeddable":true,"href":"https:\/\/www.haritzalde.org\/es\/wp-json\/wp\/v2\/categories\/?post=2218"},{"taxonomy":"post_tag","embeddable":true,"href":"https:\/\/www.haritzalde.org\/es\/wp-json\/wp\/v2\/tags\/?post=2218"}],"curies":[{"name":"wp","href":"https:\/\/api.w.org\/{rel}","templated":true}]}}