{"id":2214,"date":"2013-11-21T03:17:44","date_gmt":"2013-11-21T02:17:44","guid":{"rendered":"http:\/\/haritzalde.factorideas.com\/demetrio-loperena-una-semilla-que-sigue-viva\/"},"modified":"2013-11-21T03:17:44","modified_gmt":"2013-11-21T02:17:44","slug":"demetrio-loperena-una-semilla-que-sigue-viva","status":"publish","type":"post","link":"https:\/\/www.haritzalde.org\/es\/2013\/11\/demetrio-loperena-una-semilla-que-sigue-viva\/","title":{"rendered":"Demetrio Loperena, una semilla que sigue viva"},"content":{"rendered":"<p>Han pasado dos semanas desde que nos dej\u00f3 Demetrio Loperena Rota y no pod\u00edamos dejar pasar m\u00e1s tiempo sin resaltar su gran labor en el campo del derecho ambiental, en el que aqu\u00ed ha sido pionero. Son innumerables sus contribuciones, con decenas y decenas de art\u00edculos, y 7 libros, El derecho al medio ambiente adecuado (Civitas, 1996), Los Principios del Derecho Ambiental (Civitas, 1998) y Desarrollo sostenible y globalizaci\u00f3n (Editorial Aranzadi, 2003), entre otros. Tambi\u00e9n hace 15 a\u00f1os puso en marcha el Master en Derecho Medioambiental, por el que tantos juristas han pasado y en el que se han formado muchos t\u00e9cnicos y hombres de leyes. Y por si fuera poco lo aqu\u00ed resumido, fue uno de los impulsores y fundadores de la <strong>Corte Internacional de Arbitraje y Conciliaci\u00f3n Ambiental<\/strong> (International Court of Environmental Arbitration and Conciliation-ICEAC), logrando reunir a buena parte de los mejores juristas ambientales del mundo en esta instituci\u00f3n cuya sede est\u00e1 en San Sebasti\u00e1n. \u00a1Ah\u00ed es nada!<\/p>\n<p>En el a\u00f1o 2000, la Asociaci\u00f3n Naturalista Haritzalde pidi\u00f3 a la CIACA-ICEAC, siendo Demetrio Loperena el Secretario General, su mediaci\u00f3n ante el Gobierno Vasco y la Diputaci\u00f3n Foral de Gipuzkoa en relaci\u00f3n al conflicto existente por la conservaci\u00f3n de la <a href=\"http:\/\/www.haritzalde.org\/?page_id=109&amp;lang=es\" target=\"_blank\"><strong>ranita meridional<\/strong><\/a>. Al negarse las administraciones p\u00fablicas, se solicit\u00f3 una Opini\u00f3n Consultiva al respecto. Aquella lleg\u00f3 a los mese firmada por 5 renombrados expertos internacionales en derecho medioambiental, d\u00e1ndonos la raz\u00f3n, lo cual propici\u00f3 la paralizaci\u00f3n judicial de las obras recientemente iniciadas en el viejo embalse de Gurelesa, en Igara, y una oportunidad para la ranita. Nuestro agradecimiento y nuestro reconocimiento a la Corte, y a Demetrio.<\/p>\n<p>Por todo lo que nos has dado, tambi\u00e9n en el medioambiente, <strong>MILA ESKER<\/strong> DEMETRIO.<\/p>\n<p><strong>Agur eta ohore.\u00a0<\/strong><\/p>\n<p>Un abrazo fuerte desde la Asociaci\u00f3n Naturalista Haritzalde a familiares y amigos.<\/p>\n<p>Donostian, 2013ko azaroaren 20an<\/p>\n<p><a href=\"http:\/\/www.haritzalde.org\/wp-content\/uploads\/OPINION_CONSULTIVA_EAS_CC__9_2000.pdf\" target=\"_blank\">Opini\u00f3n consultiva EAS CC 9\/2000: Protecci\u00f3n de la ramita meridional (<em>Hyla\u00a0<\/em><i>meridionalis<\/i>)<\/a>.<br \/>\n<a href=\"http:\/\/www.haritzalde.org\/wp-content\/uploads\/Demetrio-Loperena-cas.pdf\" target=\"_blank\">Demetrio Loperena, una semilla que sigue viva (PDF)<\/a>.<\/p>\n<p>En prensa escrita:<br \/>\n<strong><span style=\"color: #00923f;\">El Diario Vasco. 2013-11-08<\/span><\/strong><br \/>\n<a href=\"http:\/\/www.haritzalde.org\/wp-content\/uploads\/2013-11-08DV_Fallece-Demetrio-Loperena-decano-Facultad-Derecho-UPVEHU.pdf\" target=\"_blank\">Fallece Demetrio Loperena, decano de la Facultad de Derecho de la UPV\/EHU<\/a><\/p>\n<p><strong><span style=\"color: #00923f;\">Noticias de Gipuzkoa. 2013-11-09<\/span><\/strong><br \/>\n<a href=\"http:\/\/www.haritzalde.org\/wp-content\/uploads\/2013-11-09NdG_Demetrio-Loperena-toda-una-carrera-academica-UPVEHU.pdf\" target=\"_blank\">Demetrio Loperena, toda una carrera acad\u00e9mica en la UPV\/EHU<\/a><\/p>\n<p><strong><span style=\"color: #00923f;\">La voz de Galicia, Ambiental y Cual. 2013-11-12<\/span><\/strong><br \/>\n<a href=\"http:\/\/www.haritzalde.org\/wp-content\/uploads\/2013-11-12Voz-Galicia_Demetrio-Loperena-apasionado-defensa-ambiental.pdf\" target=\"_blank\">Demetrio Loperena: un navarro apasionado hasta el final en la defensa ambiental<\/a><\/p>\n<p><strong><span style=\"color: #00923f;\">Abogac\u00eda Espa\u00f1ola. 2013-11-18<\/span><\/strong><br \/>\n<a href=\"http:\/\/www.haritzalde.org\/wp-content\/uploads\/2013-11-18Abogacia-Espa\u00f1ola_In-memoriam-Demetrio-Loperena-Rota.pdf\" target=\"_blank\">In memoriam Demetrio Loperena Rota<\/a><\/p>\n","protected":false},"excerpt":{"rendered":"<p>Han pasado dos semanas desde que nos dej\u00f3 Demetrio Loperena Rota y no pod\u00edamos dejar pasar m\u00e1s tiempo sin resaltar su gran labor en el campo del derecho ambiental, en el que aqu\u00ed ha sido pionero. Son innumerables sus contribuciones, con decenas y decenas de art\u00edculos, y 7 libros, El derecho al medio ambiente adecuado [&hellip;]<\/p>\n","protected":false},"author":10,"featured_media":0,"comment_status":"open","ping_status":"closed","sticky":false,"template":"","format":"standard","meta":[],"categories":[],"tags":[208,209,152],"_links":{"self":[{"href":"https:\/\/www.haritzalde.org\/es\/wp-json\/wp\/v2\/posts\/2214\/"}],"collection":[{"href":"https:\/\/www.haritzalde.org\/es\/wp-json\/wp\/v2\/posts\/"}],"about":[{"href":"https:\/\/www.haritzalde.org\/es\/wp-json\/wp\/v2\/types\/post\/"}],"author":[{"embeddable":true,"href":"https:\/\/www.haritzalde.org\/es\/wp-json\/wp\/v2\/users\/10\/"}],"replies":[{"embeddable":true,"href":"https:\/\/www.haritzalde.org\/es\/wp-json\/wp\/v2\/comments\/?post=2214"}],"version-history":[{"count":0,"href":"https:\/\/www.haritzalde.org\/es\/wp-json\/wp\/v2\/posts\/2214\/revisions\/"}],"wp:attachment":[{"href":"https:\/\/www.haritzalde.org\/es\/wp-json\/wp\/v2\/media\/?parent=2214"}],"wp:term":[{"taxonomy":"category","embeddable":true,"href":"https:\/\/www.haritzalde.org\/es\/wp-json\/wp\/v2\/categories\/?post=2214"},{"taxonomy":"post_tag","embeddable":true,"href":"https:\/\/www.haritzalde.org\/es\/wp-json\/wp\/v2\/tags\/?post=2214"}],"curies":[{"name":"wp","href":"https:\/\/api.w.org\/{rel}","templated":true}]}}