{"id":2182,"date":"2013-06-04T10:06:25","date_gmt":"2013-06-04T08:06:25","guid":{"rendered":"http:\/\/haritzalde.factorideas.com\/dia-del-medio-ambiente-charla\/"},"modified":"2013-06-04T10:06:25","modified_gmt":"2013-06-04T08:06:25","slug":"dia-del-medio-ambiente-charla","status":"publish","type":"post","link":"https:\/\/www.haritzalde.org\/es\/2013\/06\/dia-del-medio-ambiente-charla\/","title":{"rendered":"D\u00eda del Medio Ambiente: Charla"},"content":{"rendered":"<p>El mi\u00e9rcoles <strong>5 de junio<\/strong> se celerba el d\u00eda del Medio ambiente en todo el mundo.<\/p>\n<p>Para ir terminando todas las actividades iniciadas con el d\u00eda de la Biodiversidad os recomendamos que acudais a la charla que mencionamos abajo:<\/p>\n<p><strong>Conferencia<\/strong>:\u00a0\u201c\u00bfPor qu\u00e9 una reserva forestal en A\u00f1arbe?\u201d.<\/p>\n<p><strong>Ponente<\/strong>:\u00a0Kiko Alvarez\u00a0(bi\u00f3logo y asesor).<\/p>\n<p><strong>Lugar y hora<\/strong>: En el Centro Cultural\u00a0Koldo Mitxelena. Donostia. A las 19:00.<\/p>\n<p><strong>Colaboran<\/strong>:\u00a0Eguzki\u00a0eta\u00a0Ekologistak Martxan.<\/p>\n<p>\u00a1Os esperamos!<\/p>\n","protected":false},"excerpt":{"rendered":"<p>El mi\u00e9rcoles 5 de junio se celerba el d\u00eda del Medio ambiente en todo el mundo. Para ir terminando todas las actividades iniciadas con el d\u00eda de la Biodiversidad os recomendamos que acudais a la charla que mencionamos abajo: Conferencia:\u00a0\u201c\u00bfPor qu\u00e9 una reserva forestal en A\u00f1arbe?\u201d. Ponente:\u00a0Kiko Alvarez\u00a0(bi\u00f3logo y asesor). Lugar y hora: En el [&hellip;]<\/p>\n","protected":false},"author":10,"featured_media":0,"comment_status":"open","ping_status":"closed","sticky":false,"template":"","format":"standard","meta":[],"categories":[146],"tags":[159,208,236,232],"_links":{"self":[{"href":"https:\/\/www.haritzalde.org\/es\/wp-json\/wp\/v2\/posts\/2182\/"}],"collection":[{"href":"https:\/\/www.haritzalde.org\/es\/wp-json\/wp\/v2\/posts\/"}],"about":[{"href":"https:\/\/www.haritzalde.org\/es\/wp-json\/wp\/v2\/types\/post\/"}],"author":[{"embeddable":true,"href":"https:\/\/www.haritzalde.org\/es\/wp-json\/wp\/v2\/users\/10\/"}],"replies":[{"embeddable":true,"href":"https:\/\/www.haritzalde.org\/es\/wp-json\/wp\/v2\/comments\/?post=2182"}],"version-history":[{"count":0,"href":"https:\/\/www.haritzalde.org\/es\/wp-json\/wp\/v2\/posts\/2182\/revisions\/"}],"wp:attachment":[{"href":"https:\/\/www.haritzalde.org\/es\/wp-json\/wp\/v2\/media\/?parent=2182"}],"wp:term":[{"taxonomy":"category","embeddable":true,"href":"https:\/\/www.haritzalde.org\/es\/wp-json\/wp\/v2\/categories\/?post=2182"},{"taxonomy":"post_tag","embeddable":true,"href":"https:\/\/www.haritzalde.org\/es\/wp-json\/wp\/v2\/tags\/?post=2182"}],"curies":[{"name":"wp","href":"https:\/\/api.w.org\/{rel}","templated":true}]}}