{"id":2160,"date":"2013-04-13T02:50:58","date_gmt":"2013-04-13T00:50:58","guid":{"rendered":"http:\/\/haritzalde.factorideas.com\/anarbe-1000-1-000-hectareas-para-una-zona-de-reserva-forestal\/"},"modified":"2013-04-13T02:50:58","modified_gmt":"2013-04-13T00:50:58","slug":"anarbe-1000-1-000-hectareas-para-una-zona-de-reserva-forestal","status":"publish","type":"post","link":"https:\/\/www.haritzalde.org\/es\/2013\/04\/anarbe-1000-1-000-hectareas-para-una-zona-de-reserva-forestal\/","title":{"rendered":"A\u00f1arbe.1000: 1.000 hectareas para una zona de reserva forestal"},"content":{"rendered":"<p>Las organizaciones ecologistas y de monta\u00f1a firmantes hemos aunado esfuerzos para pedir a Diputaci\u00f3n de Gipuzkoa y Gobierno Vasco que hagan las gestiones definitivas para que los bosques p\u00fablicos de A\u00f1arbe (Orereta) y Errekabeltz (Donostia) sean ya declarados zonas de protecci\u00f3n integral.<\/p>\n<p>Se realizar\u00e1 una campa\u00f1a de sensibilizaci\u00f3n pr\u00f3ximamente para que la sociedad disponga de mayor informaci\u00f3n (cartel informativo en <a href=\"http:\/\/www.haritzalde.org\/wp-content\/uploads\/A\u00f1arbe-hitzaldia-kartela1.pdf\" target=\"_blank\">PDF<\/a>).<\/p>\n<p><strong>Charla<\/strong>:\u00a0\u00bfPor qu\u00e9 una Reserva Forestal y para cu\u00e1ndo?<br \/>\n<strong>Ponentes<\/strong>:\u00a0Asier Jaka (Concejal de Medio Ambiente del ayuntamiento de Donostia) y Kiko Alvarez (Bi\u00f3logo y asesor ambiental).<br \/>\n<strong>Cuando<\/strong>: el 22 de abril a las 19:00 h.<br \/>\n<strong>Donde<\/strong>: Xenpelar etxea. Magdalena kalea 32, Errenteria.<\/p>\n<p><strong>Exposici\u00f3n<\/strong>: Reserva Forestal en A\u00f1arbe.<br \/>\n<strong>Cuando<\/strong>: del 24 al 30 de junio.<br \/>\n<strong>Donde<\/strong>: Xenpelar etxea. Magdalena kalea 32, Errenteria.<\/p>\n<p><strong>Visita guiada<\/strong>: a la futura Reserva Forestal de A\u00f1arbe.<br \/>\n<strong>Cuando<\/strong>: en mayo (se informar\u00e1 m\u00e1s adelante).<\/p>\n<p>M\u00e1s informaci\u00f3n: <a href=\"http:\/\/www.haritzalde.org\/wp-content\/uploads\/K-A\u00d1ARBE_04-2013.pdf\" target=\"_blank\">nota de prensa<\/a>.<\/p>\n","protected":false},"excerpt":{"rendered":"<p>Las organizaciones ecologistas y de monta\u00f1a firmantes hemos aunado esfuerzos para pedir a Diputaci\u00f3n de Gipuzkoa y Gobierno Vasco que hagan las gestiones definitivas para que los bosques p\u00fablicos de A\u00f1arbe (Orereta) y Errekabeltz (Donostia) sean ya declarados zonas de protecci\u00f3n integral. Se realizar\u00e1 una campa\u00f1a de sensibilizaci\u00f3n pr\u00f3ximamente para que la sociedad disponga de [&hellip;]<\/p>\n","protected":false},"author":10,"featured_media":0,"comment_status":"open","ping_status":"closed","sticky":false,"template":"","format":"standard","meta":[],"categories":[148],"tags":[159,232,164],"_links":{"self":[{"href":"https:\/\/www.haritzalde.org\/es\/wp-json\/wp\/v2\/posts\/2160\/"}],"collection":[{"href":"https:\/\/www.haritzalde.org\/es\/wp-json\/wp\/v2\/posts\/"}],"about":[{"href":"https:\/\/www.haritzalde.org\/es\/wp-json\/wp\/v2\/types\/post\/"}],"author":[{"embeddable":true,"href":"https:\/\/www.haritzalde.org\/es\/wp-json\/wp\/v2\/users\/10\/"}],"replies":[{"embeddable":true,"href":"https:\/\/www.haritzalde.org\/es\/wp-json\/wp\/v2\/comments\/?post=2160"}],"version-history":[{"count":0,"href":"https:\/\/www.haritzalde.org\/es\/wp-json\/wp\/v2\/posts\/2160\/revisions\/"}],"wp:attachment":[{"href":"https:\/\/www.haritzalde.org\/es\/wp-json\/wp\/v2\/media\/?parent=2160"}],"wp:term":[{"taxonomy":"category","embeddable":true,"href":"https:\/\/www.haritzalde.org\/es\/wp-json\/wp\/v2\/categories\/?post=2160"},{"taxonomy":"post_tag","embeddable":true,"href":"https:\/\/www.haritzalde.org\/es\/wp-json\/wp\/v2\/tags\/?post=2160"}],"curies":[{"name":"wp","href":"https:\/\/api.w.org\/{rel}","templated":true}]}}