{"id":2140,"date":"2013-02-21T12:21:29","date_gmt":"2013-02-21T11:21:29","guid":{"rendered":"http:\/\/haritzalde.factorideas.com\/ier-dia-del-arbol-parque-damazelai\/"},"modified":"2017-02-27T08:40:53","modified_gmt":"2017-02-27T07:40:53","slug":"ier-dia-del-arbol-parque-damazelai","status":"publish","type":"post","link":"https:\/\/www.haritzalde.org\/es\/2013\/02\/ier-dia-del-arbol-parque-damazelai\/","title":{"rendered":"Ier d\u00eda del \u00e1rbol: parque Damazelai"},"content":{"rendered":"<p>Con motivo del 20\u00ba aniversario de Haritzalde se realizar\u00e1 una plantaci\u00f3n de \u00e1rboles en Aiete-Pagola, en el parque Damazelai. Los \u00e1rboles han sido donados por la Diputaci\u00f3n Foral de Gipuzkoa y el lugar esta acordado con los departamentos de Parques y Jardines y con el de Medio Ambiente del Ayuntamiento de Donostia. Se plantar\u00e1n 100 \u00e1rboles aut\u00f3ctonos correspondientes a las siguientes especies: 30 abedules, 30 <a href=\"http:\/\/www.haritzalde.org\/wp-content\/uploads\/Fexcelsior-web.pdf\" target=\"_blank\">fresnos<\/a> y 40 <a href=\"http:\/\/www.haritzalde.org\/wp-content\/uploads\/Qrobur-web1.pdf\" target=\"_blank\">robles pedunculados<\/a>. Con esta iniciativa esperamos depurar el aire y compensar, aunque sea de manera simb\u00f3lica, una peque\u00f1a parte de las emisiones de CO2 adem\u00e1s de embellecer el lugar.<\/p>\n<p>Ac\u00e9rcate en transporte p\u00fablico (autobus o topo).<\/p>\n<p><b>Fecha<\/b>: s\u00e1bado 23 de febrero de 2013.<br \/>\n<b>Lugar de encuentro<\/b>: Parada de Lugaritz de Euskotren. <a href=\"http:\/\/www.euskotren.es\/sites\/www2.euskotren.es\/files\/%4048x68%20HORARIOS%20Y%20FRECUENCIAS%20MD_ENE2013.pdf\" target=\"_blank\">Horario<\/a> y <a href=\"http:\/\/goo.gl\/maps\/gS9NG\" target=\"_blank\">mapa de la l\u00ednea<\/a>. Autobus Dbus: l\u00edneas <a href=\"http:\/\/www.dbus.es\/es\/usuarios\/lineas-horarios\/27-altza-intxaurrondo-antiguo-gros\" target=\"_blank\">27 Altza-Intxaurrondo-Antiguo-Gros<\/a>, <a href=\"http:\/\/www.dbus.es\/es\/usuarios\/lineas-horarios\/27-altza-intxaurrondo-antiguo-gros\/horarios-de-llegada\/313-lugaritz-geriatrico\" target=\"_blank\">horario<\/a> llegada\u00a0y\u00a0<a href=\"http:\/\/www.dbus.es\/es\/usuarios\/lineas-horarios\/24-altza-gros-antiguo-intxaurrondo\" target=\"_blank\">24 Altza-Gros-Antiguo-Intxaurrondo<\/a>, <a href=\"http:\/\/www.dbus.es\/es\/usuarios\/lineas-horarios\/24-altza-gros-antiguo-intxaurrondo\/horarios-de-llegada\/309-lugaritz-27\" target=\"_blank\">horario<\/a> llegada.<br \/>\n<b>Hora<\/b>: 11:00 de la ma\u00f1ana.<br \/>\n<b>Lugar de plantaci\u00f3n<\/b>: Parcela situada en el \u00e1mbito de Aiete-Pagola, parque Damazelai (indicado en rojo).<\/p>\n<p>\u00a1An\u00edmate y vente con tu familia y amigos!<\/p>\n<p><embed type=\"application\/x-shockwave-flash\" src=\"https:\/\/picasaweb.google.com\/s\/c\/bin\/slideshow.swf\" width=\"600\" height=\"400\" flashvars=\"host=picasaweb.google.com&#038;captions=1&#038;hl=es&#038;feat=flashalbum&#038;RGB=0x000000&#038;feed=https%3A%2F%2Fpicasaweb.google.com%2Fdata%2Ffeed%2Fapi%2Fuser%2F103320098414251440967%2Falbumid%2F5847366206018140081%3Falt%3Drss%26kind%3Dphoto%26hl%3Des\" pluginspage=\"http:\/\/www.macromedia.com\/go\/getflashplayer\"><\/embed><\/p>\n","protected":false},"excerpt":{"rendered":"<p>Con motivo del 20\u00ba aniversario de Haritzalde se realizar\u00e1 una plantaci\u00f3n de \u00e1rboles en Aiete-Pagola, en el parque Damazelai. Los \u00e1rboles han sido donados por la Diputaci\u00f3n Foral de Gipuzkoa y el lugar esta acordado con los departamentos de Parques y Jardines y con el de Medio Ambiente del Ayuntamiento de Donostia. Se plantar\u00e1n 100 [&hellip;]<\/p>\n","protected":false},"author":10,"featured_media":0,"comment_status":"open","ping_status":"closed","sticky":false,"template":"","format":"standard","meta":[],"categories":[145],"tags":[],"_links":{"self":[{"href":"https:\/\/www.haritzalde.org\/es\/wp-json\/wp\/v2\/posts\/2140\/"}],"collection":[{"href":"https:\/\/www.haritzalde.org\/es\/wp-json\/wp\/v2\/posts\/"}],"about":[{"href":"https:\/\/www.haritzalde.org\/es\/wp-json\/wp\/v2\/types\/post\/"}],"author":[{"embeddable":true,"href":"https:\/\/www.haritzalde.org\/es\/wp-json\/wp\/v2\/users\/10\/"}],"replies":[{"embeddable":true,"href":"https:\/\/www.haritzalde.org\/es\/wp-json\/wp\/v2\/comments\/?post=2140"}],"version-history":[{"count":1,"href":"https:\/\/www.haritzalde.org\/es\/wp-json\/wp\/v2\/posts\/2140\/revisions\/"}],"predecessor-version":[{"id":4683,"href":"https:\/\/www.haritzalde.org\/es\/wp-json\/wp\/v2\/posts\/2140\/revisions\/4683\/"}],"wp:attachment":[{"href":"https:\/\/www.haritzalde.org\/es\/wp-json\/wp\/v2\/media\/?parent=2140"}],"wp:term":[{"taxonomy":"category","embeddable":true,"href":"https:\/\/www.haritzalde.org\/es\/wp-json\/wp\/v2\/categories\/?post=2140"},{"taxonomy":"post_tag","embeddable":true,"href":"https:\/\/www.haritzalde.org\/es\/wp-json\/wp\/v2\/tags\/?post=2140"}],"curies":[{"name":"wp","href":"https:\/\/api.w.org\/{rel}","templated":true}]}}